{"id":1302,"date":"2024-06-06T09:23:37","date_gmt":"2024-06-06T09:23:37","guid":{"rendered":"https:\/\/nowa.mogielnica.pl\/?p=1302"},"modified":"2024-06-06T09:24:32","modified_gmt":"2024-06-06T09:24:32","slug":"uroczystosc-odsloniecia-tablicy-pamiatkowej-poswieconej-profesorowi-waclawowi-langkamerowi","status":"publish","type":"post","link":"https:\/\/nowa.mogielnica.pl\/?p=1302","title":{"rendered":"Uroczysto\u015b\u0107 ods\u0142oni\u0119cia tablicy pami\u0119ci  Profesora Wac\u0142awa Langkamera"},"content":{"rendered":"\n<figure class=\"wp-block-image size-large\"><img loading=\"lazy\" decoding=\"async\" width=\"724\" height=\"1024\" src=\"https:\/\/nowa.mogielnica.pl\/wp-content\/uploads\/2024\/06\/zaproszenie-lankamer-Kopia-724x1024.jpg\" alt=\"\" class=\"wp-image-1303\" srcset=\"https:\/\/nowa.mogielnica.pl\/wp-content\/uploads\/2024\/06\/zaproszenie-lankamer-Kopia-724x1024.jpg 724w, https:\/\/nowa.mogielnica.pl\/wp-content\/uploads\/2024\/06\/zaproszenie-lankamer-Kopia-212x300.jpg 212w, https:\/\/nowa.mogielnica.pl\/wp-content\/uploads\/2024\/06\/zaproszenie-lankamer-Kopia-768x1086.jpg 768w, https:\/\/nowa.mogielnica.pl\/wp-content\/uploads\/2024\/06\/zaproszenie-lankamer-Kopia-1086x1536.jpg 1086w, https:\/\/nowa.mogielnica.pl\/wp-content\/uploads\/2024\/06\/zaproszenie-lankamer-Kopia.jpg 1414w\" sizes=\"auto, (max-width: 724px) 100vw, 724px\" \/><\/figure>\n","protected":false},"excerpt":{"rendered":"<div class=\"mh-excerpt\"><\/div>","protected":false},"author":1,"featured_media":1304,"comment_status":"closed","ping_status":"open","sticky":false,"template":"","format":"standard","meta":{"footnotes":""},"categories":[5],"tags":[],"class_list":{"0":"post-1302","1":"post","2":"type-post","3":"status-publish","4":"format-standard","5":"has-post-thumbnail","7":"category-5"},"_links":{"self":[{"href":"https:\/\/nowa.mogielnica.pl\/index.php?rest_route=\/wp\/v2\/posts\/1302","targetHints":{"allow":["GET"]}}],"collection":[{"href":"https:\/\/nowa.mogielnica.pl\/index.php?rest_route=\/wp\/v2\/posts"}],"about":[{"href":"https:\/\/nowa.mogielnica.pl\/index.php?rest_route=\/wp\/v2\/types\/post"}],"author":[{"embeddable":true,"href":"https:\/\/nowa.mogielnica.pl\/index.php?rest_route=\/wp\/v2\/users\/1"}],"replies":[{"embeddable":true,"href":"https:\/\/nowa.mogielnica.pl\/index.php?rest_route=%2Fwp%2Fv2%2Fcomments&post=1302"}],"version-history":[{"count":2,"href":"https:\/\/nowa.mogielnica.pl\/index.php?rest_route=\/wp\/v2\/posts\/1302\/revisions"}],"predecessor-version":[{"id":1306,"href":"https:\/\/nowa.mogielnica.pl\/index.php?rest_route=\/wp\/v2\/posts\/1302\/revisions\/1306"}],"wp:featuredmedia":[{"embeddable":true,"href":"https:\/\/nowa.mogielnica.pl\/index.php?rest_route=\/wp\/v2\/media\/1304"}],"wp:attachment":[{"href":"https:\/\/nowa.mogielnica.pl\/index.php?rest_route=%2Fwp%2Fv2%2Fmedia&parent=1302"}],"wp:term":[{"taxonomy":"category","embeddable":true,"href":"https:\/\/nowa.mogielnica.pl\/index.php?rest_route=%2Fwp%2Fv2%2Fcategories&post=1302"},{"taxonomy":"post_tag","embeddable":true,"href":"https:\/\/nowa.mogielnica.pl\/index.php?rest_route=%2Fwp%2Fv2%2Ftags&post=1302"}],"curies":[{"name":"wp","href":"https:\/\/api.w.org\/{rel}","templated":true}]}}