{"id":1316,"date":"2024-06-12T13:11:42","date_gmt":"2024-06-12T13:11:42","guid":{"rendered":"https:\/\/nowa.mogielnica.pl\/?p=1316"},"modified":"2024-06-12T13:11:42","modified_gmt":"2024-06-12T13:11:42","slug":"xiv-olimpiada-integracyjna-wszyscy-razem","status":"publish","type":"post","link":"https:\/\/nowa.mogielnica.pl\/?p=1316","title":{"rendered":"XIV Olimpiada Integracyjna &#8222;Wszyscy Razem&#8221;"},"content":{"rendered":"\n<p>Zarz\u0105d i Cz\u0142onkowie Stowarzyszenia \u201ePrzysz\u0142o\u015b\u0107 Naszych Dzieci\u201d maja zaszczyt zaprosi\u0107 Pa\u0144stwa do wsp\u00f3lnego kibicowania podczas XIV Olimpiady Integracyjnej pod has\u0142em \u201eWszyscy Razem\u201d, kt\u00f3ra odb\u0119dzie si\u0119 14 czerwca 2024 r. na hali sportowej przy ZSO w Mogielnicy.<\/p>\n\n\n\n<figure class=\"wp-block-image size-large\"><img loading=\"lazy\" decoding=\"async\" width=\"724\" height=\"1024\" src=\"https:\/\/nowa.mogielnica.pl\/wp-content\/uploads\/2024\/06\/olimpiada-integracyjna-2024-724x1024.jpg\" alt=\"\" class=\"wp-image-1317\" srcset=\"https:\/\/nowa.mogielnica.pl\/wp-content\/uploads\/2024\/06\/olimpiada-integracyjna-2024-724x1024.jpg 724w, https:\/\/nowa.mogielnica.pl\/wp-content\/uploads\/2024\/06\/olimpiada-integracyjna-2024-212x300.jpg 212w, https:\/\/nowa.mogielnica.pl\/wp-content\/uploads\/2024\/06\/olimpiada-integracyjna-2024-768x1086.jpg 768w, https:\/\/nowa.mogielnica.pl\/wp-content\/uploads\/2024\/06\/olimpiada-integracyjna-2024-1086x1536.jpg 1086w, https:\/\/nowa.mogielnica.pl\/wp-content\/uploads\/2024\/06\/olimpiada-integracyjna-2024-1448x2048.jpg 1448w, https:\/\/nowa.mogielnica.pl\/wp-content\/uploads\/2024\/06\/olimpiada-integracyjna-2024-scaled.jpg 1810w\" sizes=\"auto, (max-width: 724px) 100vw, 724px\" \/><\/figure>\n","protected":false},"excerpt":{"rendered":"<div class=\"mh-excerpt\"><p>Zarz\u0105d i Cz\u0142onkowie Stowarzyszenia \u201ePrzysz\u0142o\u015b\u0107 Naszych Dzieci\u201d maja zaszczyt zaprosi\u0107 Pa\u0144stwa do wsp\u00f3lnego kibicowania podczas XIV Olimpiady Integracyjnej pod has\u0142em \u201eWszyscy Razem\u201d, kt\u00f3ra odb\u0119dzie si\u0119 14 czerwca 2024 r. na hali sportowej przy ZSO w <a class=\"mh-excerpt-more\" href=\"https:\/\/nowa.mogielnica.pl\/?p=1316\" title=\"XIV Olimpiada Integracyjna &#8222;Wszyscy Razem&#8221;\">[&#8230;]<\/a><\/p>\n<\/div>","protected":false},"author":1,"featured_media":1199,"comment_status":"closed","ping_status":"open","sticky":false,"template":"","format":"standard","meta":{"footnotes":""},"categories":[3],"tags":[],"class_list":{"0":"post-1316","1":"post","2":"type-post","3":"status-publish","4":"format-standard","5":"has-post-thumbnail","7":"category-aktualnosci"},"_links":{"self":[{"href":"https:\/\/nowa.mogielnica.pl\/index.php?rest_route=\/wp\/v2\/posts\/1316","targetHints":{"allow":["GET"]}}],"collection":[{"href":"https:\/\/nowa.mogielnica.pl\/index.php?rest_route=\/wp\/v2\/posts"}],"about":[{"href":"https:\/\/nowa.mogielnica.pl\/index.php?rest_route=\/wp\/v2\/types\/post"}],"author":[{"embeddable":true,"href":"https:\/\/nowa.mogielnica.pl\/index.php?rest_route=\/wp\/v2\/users\/1"}],"replies":[{"embeddable":true,"href":"https:\/\/nowa.mogielnica.pl\/index.php?rest_route=%2Fwp%2Fv2%2Fcomments&post=1316"}],"version-history":[{"count":1,"href":"https:\/\/nowa.mogielnica.pl\/index.php?rest_route=\/wp\/v2\/posts\/1316\/revisions"}],"predecessor-version":[{"id":1318,"href":"https:\/\/nowa.mogielnica.pl\/index.php?rest_route=\/wp\/v2\/posts\/1316\/revisions\/1318"}],"wp:featuredmedia":[{"embeddable":true,"href":"https:\/\/nowa.mogielnica.pl\/index.php?rest_route=\/wp\/v2\/media\/1199"}],"wp:attachment":[{"href":"https:\/\/nowa.mogielnica.pl\/index.php?rest_route=%2Fwp%2Fv2%2Fmedia&parent=1316"}],"wp:term":[{"taxonomy":"category","embeddable":true,"href":"https:\/\/nowa.mogielnica.pl\/index.php?rest_route=%2Fwp%2Fv2%2Fcategories&post=1316"},{"taxonomy":"post_tag","embeddable":true,"href":"https:\/\/nowa.mogielnica.pl\/index.php?rest_route=%2Fwp%2Fv2%2Ftags&post=1316"}],"curies":[{"name":"wp","href":"https:\/\/api.w.org\/{rel}","templated":true}]}}