{"id":2422,"date":"2024-10-24T12:55:32","date_gmt":"2024-10-24T12:55:32","guid":{"rendered":"https:\/\/nowa.mogielnica.pl\/?p=2422"},"modified":"2025-09-11T06:58:02","modified_gmt":"2025-09-11T06:58:02","slug":"biblioteczne-polecajki","status":"publish","type":"post","link":"https:\/\/nowa.mogielnica.pl\/?p=2422","title":{"rendered":"Biblioteczne &#8222;Polecajki&#8221;"},"content":{"rendered":"\n<div class=\"wp-block-media-text is-stacked-on-mobile\"><figure class=\"wp-block-media-text__media\"><img loading=\"lazy\" decoding=\"async\" width=\"741\" height=\"1024\" src=\"https:\/\/nowa.mogielnica.pl\/wp-content\/uploads\/2024\/10\/Screenshot_20250911_085347_Chrome-741x1024.jpg\" alt=\"\" class=\"wp-image-7240 size-full\" srcset=\"https:\/\/nowa.mogielnica.pl\/wp-content\/uploads\/2024\/10\/Screenshot_20250911_085347_Chrome-741x1024.jpg 741w, https:\/\/nowa.mogielnica.pl\/wp-content\/uploads\/2024\/10\/Screenshot_20250911_085347_Chrome-217x300.jpg 217w, https:\/\/nowa.mogielnica.pl\/wp-content\/uploads\/2024\/10\/Screenshot_20250911_085347_Chrome-768x1062.jpg 768w, https:\/\/nowa.mogielnica.pl\/wp-content\/uploads\/2024\/10\/Screenshot_20250911_085347_Chrome.jpg 1080w\" sizes=\"auto, (max-width: 741px) 100vw, 741px\" \/><\/figure><div class=\"wp-block-media-text__content\">\n<p><strong>POLECANA PRZEZ NASZYCH CZYTELNIK\u00d3W<\/strong><\/p>\n\n\n\n<p>Tytu\u0142owa C\u00f3rka Cieni to Juliana, kt\u00f3rej losy poznajemy dzi\u0119ki odnalezionemu pami\u0119tnikowi, z kt\u00f3rego wy\u0142ania si\u0119 wstrz\u0105saj\u0105ca historia jej niezwyk\u0142ych los\u00f3w na tle historii Polski.<\/p>\n\n\n\n<p>Przedwojenny zakazany romans, ucieczka w Bieszczady, zetkni\u0119cie z brutalno\u015bci\u0105 wojny, nierozliczone relacje polsko-ukrai\u0144skie, trudna rzeczywisto\u015b\u0107 powojennej Polski \u2013 to wszystko tworzy histori\u0119 \u017cycia Juliany.<\/p>\n\n\n\n<p>(lubimyczyta\u0107.pl)<\/p>\n<\/div><\/div>\n\n\n\n<hr class=\"wp-block-separator has-alpha-channel-opacity\"\/>\n\n\n\n<div class=\"wp-block-media-text is-stacked-on-mobile\"><figure class=\"wp-block-media-text__media\"><img loading=\"lazy\" decoding=\"async\" width=\"500\" height=\"730\" src=\"https:\/\/nowa.mogielnica.pl\/wp-content\/uploads\/2024\/10\/sobieniewska.jpeg\" alt=\"\" class=\"wp-image-6945 size-full\" srcset=\"https:\/\/nowa.mogielnica.pl\/wp-content\/uploads\/2024\/10\/sobieniewska.jpeg 500w, https:\/\/nowa.mogielnica.pl\/wp-content\/uploads\/2024\/10\/sobieniewska-205x300.jpeg 205w\" sizes=\"auto, (max-width: 500px) 100vw, 500px\" \/><\/figure><div class=\"wp-block-media-text__content\">\n<p class=\"has-small-font-size\">&#8222;Pi\u0119kna Litwinka Vaiva, b\u0119d\u0105ca obiektem po\u017c\u0105dania m\u0119\u017cczyzn i tym samym nienawi\u015bci kobiet, zostaje oskar\u017cona o czary. Jest rok 1641 i dla wied\u017am nie ma miejsca w spo\u0142ecze\u0144stwie. Aby ocali\u0107 \u017cycie, dziewczyna podejmuje decyzj\u0119, kt\u00f3ra uruchamia lawin\u0119 wydarze\u0144.<\/p>\n\n\n\n<p class=\"has-small-font-size\">Ponad dwie\u015bcie lat p\u00f3\u017aniej los m\u0142odej Wiktorii, c\u00f3rki powsta\u0144ca listopadowego, niespodziewanie splata si\u0119 z losem litewskiej czarownicy. Nie godz\u0105c si\u0119 na ma\u0142\u017ce\u0144stwo z niechcianym adoratorem, Wiktoria decyduje si\u0119 na ucieczk\u0119 i w wyniku niefortunnego zbiegu okoliczno\u015bci trafia do maj\u0105tku, gdzie imi\u0119 Vaivy nadal budzi strach. Czy rzeczywi\u015bcie by\u0142a ona niebezpieczn\u0105 wied\u017am\u0105? A mo\u017ce demoniczn\u0105 kochank\u0105 magnata?<\/p>\n\n\n\n<p class=\"has-small-font-size\">To porywaj\u0105ca saga o kobietach, kt\u00f3re mia\u0142y odwag\u0119 walczy\u0107 o swoje szcz\u0119\u015bcie i o prawo do decydowania o sobie. To tak\u017ce opowie\u015b\u0107 o mi\u0142o\u015bci szczerej i pi\u0119knej, jak r\u00f3wnie\u017c obsesyjnej i niszcz\u0105cej, i o t\u0119sknocie za ukochanym miejscem na ziemi.&#8221;<\/p>\n<\/div><\/div>\n\n\n\n<hr class=\"wp-block-separator has-alpha-channel-opacity\"\/>\n\n\n\n<figure class=\"wp-block-gallery has-nested-images columns-default is-cropped wp-block-gallery-1 is-layout-flex wp-block-gallery-is-layout-flex\">\n<figure class=\"wp-block-image size-large\"><img loading=\"lazy\" decoding=\"async\" width=\"724\" height=\"1024\" data-id=\"6743\" src=\"https:\/\/nowa.mogielnica.pl\/wp-content\/uploads\/2024\/10\/Orange-Fast-Food-Flyer1-724x1024.jpg\" alt=\"\" class=\"wp-image-6743\" srcset=\"https:\/\/nowa.mogielnica.pl\/wp-content\/uploads\/2024\/10\/Orange-Fast-Food-Flyer1-724x1024.jpg 724w, https:\/\/nowa.mogielnica.pl\/wp-content\/uploads\/2024\/10\/Orange-Fast-Food-Flyer1-212x300.jpg 212w, https:\/\/nowa.mogielnica.pl\/wp-content\/uploads\/2024\/10\/Orange-Fast-Food-Flyer1-768x1086.jpg 768w, https:\/\/nowa.mogielnica.pl\/wp-content\/uploads\/2024\/10\/Orange-Fast-Food-Flyer1-1086x1536.jpg 1086w, https:\/\/nowa.mogielnica.pl\/wp-content\/uploads\/2024\/10\/Orange-Fast-Food-Flyer1-1448x2048.jpg 1448w, https:\/\/nowa.mogielnica.pl\/wp-content\/uploads\/2024\/10\/Orange-Fast-Food-Flyer1-scaled.jpg 1810w\" sizes=\"auto, (max-width: 724px) 100vw, 724px\" \/><\/figure>\n<\/figure>\n\n\n\n<hr class=\"wp-block-separator has-alpha-channel-opacity\"\/>\n\n\n\n<div class=\"wp-block-media-text is-stacked-on-mobile\"><figure class=\"wp-block-media-text__media\"><img loading=\"lazy\" decoding=\"async\" width=\"850\" height=\"1024\" src=\"https:\/\/nowa.mogielnica.pl\/wp-content\/uploads\/2024\/10\/20241217_114926-1-850x1024.jpg\" alt=\"\" class=\"wp-image-4784 size-full\" srcset=\"https:\/\/nowa.mogielnica.pl\/wp-content\/uploads\/2024\/10\/20241217_114926-1-850x1024.jpg 850w, https:\/\/nowa.mogielnica.pl\/wp-content\/uploads\/2024\/10\/20241217_114926-1-249x300.jpg 249w, https:\/\/nowa.mogielnica.pl\/wp-content\/uploads\/2024\/10\/20241217_114926-1-768x925.jpg 768w, https:\/\/nowa.mogielnica.pl\/wp-content\/uploads\/2024\/10\/20241217_114926-1-1275x1536.jpg 1275w, https:\/\/nowa.mogielnica.pl\/wp-content\/uploads\/2024\/10\/20241217_114926-1-1700x2048.jpg 1700w\" sizes=\"auto, (max-width: 850px) 100vw, 850px\" \/><\/figure><div class=\"wp-block-media-text__content\">\n<p class=\"has-medium-font-size\"><strong>Ekstremista &#8211; R. Mr\u00f3z<\/strong><\/p>\n\n\n\n<p class=\"has-small-font-size\">W Opolu znika maturzystka, a jedynym pozostawionym przez ni\u0105 \u015bladem jest karta tarota z symbolem sprawiedliwo\u015bci. Rodzina nie zamierza i\u015b\u0107 na policj\u0119, gdy\u017c twierdzi, \u017ce dziewczyna zmaga\u0142a si\u0119 z problemami i nieraz deklarowa\u0142a, \u017ce kt\u00f3rego\u015b dnia ucieknie z domu.<br>Jedyn\u0105 osob\u0105, kt\u00f3ra dostrzega w tym co\u015b wi\u0119cej, jest lokalna dziennikarka, Ma\u0142gorzata Rosa. Od kilku miesi\u0119cy \u015bledzi\u0142a powracaj\u0105cy w internecie motyw kart do wr\u00f3\u017cenia, zdaj\u0105cy si\u0119 mie\u0107 zwi\u0105zek ze zdarzeniami, w kt\u00f3re wpl\u0105tany by\u0142 niedawno Gerard Edling. Nie widz\u0105c innej mo\u017cliwo\u015bci, pr\u00f3buje szuka\u0107 pomocy u cz\u0142owieka, kt\u00f3ry z nieznanych jej przyczyn nie chce mie\u0107 z ni\u0105 nic wsp\u00f3lnego.<\/p>\n\n\n\n<p><a href=\"https:\/\/lubimyczytac.pl\/ksiazka\/4967056\/kapelusznicy\">lubimyczytac.pl<\/a><\/p>\n<\/div><\/div>\n\n\n\n<hr class=\"wp-block-separator has-alpha-channel-opacity\"\/>\n\n\n\n<div class=\"wp-block-media-text is-stacked-on-mobile\"><figure class=\"wp-block-media-text__media\"><img loading=\"lazy\" decoding=\"async\" width=\"1024\" height=\"801\" src=\"https:\/\/nowa.mogielnica.pl\/wp-content\/uploads\/2024\/10\/20241217_113659-1-1024x801.jpg\" alt=\"\" class=\"wp-image-4629 size-full\" srcset=\"https:\/\/nowa.mogielnica.pl\/wp-content\/uploads\/2024\/10\/20241217_113659-1-1024x801.jpg 1024w, https:\/\/nowa.mogielnica.pl\/wp-content\/uploads\/2024\/10\/20241217_113659-1-300x235.jpg 300w, https:\/\/nowa.mogielnica.pl\/wp-content\/uploads\/2024\/10\/20241217_113659-1-768x601.jpg 768w, https:\/\/nowa.mogielnica.pl\/wp-content\/uploads\/2024\/10\/20241217_113659-1-1536x1201.jpg 1536w, https:\/\/nowa.mogielnica.pl\/wp-content\/uploads\/2024\/10\/20241217_113659-1-2048x1602.jpg 2048w\" sizes=\"auto, (max-width: 1024px) 100vw, 1024px\" \/><\/figure><div class=\"wp-block-media-text__content\">\n<p class=\"has-small-font-size\"><strong>Ulica ciem<\/strong> to nie tylko pe\u0142en tajemnic krwisty krymina\u0142. To r\u00f3wnie\u017c klimatyczna wycieczka po dawnej Warszawie, z jej kolorytem i r\u00f3\u017cnorodno\u015bci\u0105.<\/p>\n\n\n\n<p class=\"has-small-font-size\"><strong>\u201eBezg\u0142os\u201d <\/strong>to mroczniejsza ods\u0142ona charakterystycznej dla Katarzyny Puzy\u0144skiej opowie\u015bci o pozornie sielskim ma\u0142ym miasteczku. Horror miesza si\u0119 tu z krymina\u0142em i w\u0105tkami s\u0142owia\u0144skimi. Jak zwykle jednak najwa\u017cniejsi s\u0105 ludzie. To oni skrywaj\u0105 najgorsze sekrety.<br><br>Ksi\u0105\u017cki autorki tworz\u0105 uniwersum, w kt\u00f3rym fani jej tw\u00f3rczo\u015bci wytropi\u0105 intertekstualne nawi\u0105zania, a nowi czytelnicy znajd\u0105 wci\u0105gaj\u0105ce, pe\u0142ne tajemnic i grozy opowie\u015bci z mocn\u0105 podbudow\u0105 psychologiczn\u0105, ale te\u017c nut\u0105 czarnego humoru.<\/p>\n\n\n\n<p class=\"has-small-font-size\"><a href=\"https:\/\/lubimyczytac.pl\/ksiazka\/4967056\/kapelusznicy\">lubimyczytac.pl<\/a><\/p>\n<\/div><\/div>\n\n\n\n<hr class=\"wp-block-separator has-alpha-channel-opacity\"\/>\n\n\n\n<div class=\"wp-block-media-text is-stacked-on-mobile\"><figure class=\"wp-block-media-text__media\"><img loading=\"lazy\" decoding=\"async\" width=\"600\" height=\"800\" src=\"https:\/\/nowa.mogielnica.pl\/wp-content\/uploads\/2024\/10\/20241217_140019-2.jpg\" alt=\"\" class=\"wp-image-3968 size-full\" srcset=\"https:\/\/nowa.mogielnica.pl\/wp-content\/uploads\/2024\/10\/20241217_140019-2.jpg 600w, https:\/\/nowa.mogielnica.pl\/wp-content\/uploads\/2024\/10\/20241217_140019-2-225x300.jpg 225w\" sizes=\"auto, (max-width: 600px) 100vw, 600px\" \/><\/figure><div class=\"wp-block-media-text__content\">\n<p class=\"has-medium-font-size\"><strong>Minecraft. Wypadek<\/strong><\/p>\n\n\n\n<p class=\"has-small-font-size\"><strong>Druga po &#8222;Minecraft. Wyspa&#8221; oficjalna powie\u015b\u0107 Minecraft!<br><\/strong><br>Nastoletnia Bianca po ci\u0119\u017ckim wypadku samochodowym, w kt\u00f3rym uczestniczy\u0142a wraz ze swoim przyjacielem Lonniem, ucieka w \u015bwiat wirtualnej rzeczywisto\u015bci Minecrafta. Wkr\u00f3tce jednak zdaje sobie spraw\u0119, \u017ce graj\u0105c na szpitalnym serwerze, znalaz\u0142a si\u0119 w grze, w kt\u00f3rej nie obowi\u0105zuj\u0105 zwyk\u0142e zasady, a postacie, kt\u00f3re j\u0105 atakuj\u0105, przypominaj\u0105 osoby z prawdziwego \u017cycia. Pojawia si\u0119 tam tak\u017ce kto\u015b wygl\u0105daj\u0105cy jak Lonnie, jednak z awatarem ch\u0142opca nie ma kontaktu .<br><br>Bianka musi rozwik\u0142a\u0107 tajemnice tego nowego \u015bwiata: dlaczego si\u0119 w nim znalaz\u0142a? Kim s\u0105 gro\u017ane postacie, kt\u00f3re j\u0105 \u015bledz\u0105? Czy to, co si\u0119 dzieje, dzieje si\u0119 naprawd\u0119? Jak dotrze\u0107 do Lonniego i pom\u00f3c mu, by znowu sta\u0142 si\u0119 sob\u0105?<\/p>\n\n\n\n<p class=\"has-small-font-size\"><a href=\"https:\/\/lubimyczytac.pl\/ksiazka\/4967056\/kapelusznicy\" data-type=\"link\" data-id=\"https:\/\/lubimyczytac.pl\/ksiazka\/4967056\/kapelusznicy\">lubimyczytac.pl<\/a><\/p>\n<\/div><\/div>\n\n\n\n<hr class=\"wp-block-separator has-alpha-channel-opacity\"\/>\n\n\n\n<div class=\"wp-block-media-text is-stacked-on-mobile\"><figure class=\"wp-block-media-text__media\"><img loading=\"lazy\" decoding=\"async\" width=\"768\" height=\"1024\" src=\"https:\/\/nowa.mogielnica.pl\/wp-content\/uploads\/2024\/10\/20241217_140633-1-768x1024.jpg\" alt=\"\" class=\"wp-image-3784 size-full\" srcset=\"https:\/\/nowa.mogielnica.pl\/wp-content\/uploads\/2024\/10\/20241217_140633-1-768x1024.jpg 768w, https:\/\/nowa.mogielnica.pl\/wp-content\/uploads\/2024\/10\/20241217_140633-1-225x300.jpg 225w, https:\/\/nowa.mogielnica.pl\/wp-content\/uploads\/2024\/10\/20241217_140633-1-1152x1536.jpg 1152w, https:\/\/nowa.mogielnica.pl\/wp-content\/uploads\/2024\/10\/20241217_140633-1-1536x2048.jpg 1536w, https:\/\/nowa.mogielnica.pl\/wp-content\/uploads\/2024\/10\/20241217_140633-1-scaled.jpg 1920w\" sizes=\"auto, (max-width: 768px) 100vw, 768px\" \/><\/figure><div class=\"wp-block-media-text__content\">\n<p class=\"has-medium-font-size\"><strong>Kocia szajka&#8230; &#8211; Malwina Hajduk,&nbsp;Agata Romaniuk<\/strong><\/p>\n\n\n\n<p class=\"has-small-font-size\">Akcja ksi\u0105\u017cek rozgrywa si\u0119 w Cieszynie, t\u0119tni\u0105cym \u017cyciem i pe\u0142nym niespodzianek mie\u015bcie le\u017c\u0105cym na pograniczu polsko-czeskim. Kocia Szajka, skupiaj\u0105ca miejscowe koty o mocnym charakterze i du\u017cej fantazji, pomaga policji w rozwi\u0105zywaniu najtrudniejszych zagadek.<\/p>\n\n\n\n<p class=\"has-small-font-size\">M\u00f3wi\u0105, \u017ce w nocy wszystkie koty s\u0105 czarne, lecz nie dajcie si\u0119 zmyli\u0107. W zau\u0142kach Cieszyna urz\u0119duj\u0105 koty wszelkiej ma\u015bci, o barwnej przesz\u0142o\u015bci i wyrazistych charakterach.<\/p>\n\n\n\n<p class=\"has-small-font-size\"><br>Pazury ostrz\u0105 regularnie i \u0107wicz\u0105 straszne miny, a gdy na horyzoncie pojawia si\u0119 kryminalna zagadka, wykorzystaj\u0105 wszelkie kocie umiej\u0119tno\u015bci by j\u0105 rozwi\u0105za\u0107.<\/p>\n\n\n\n<p class=\"has-small-font-size\"><a href=\"https:\/\/lubimyczytac.pl\/ksiazka\/4967056\/kapelusznicy\" data-type=\"link\" data-id=\"https:\/\/lubimyczytac.pl\/ksiazka\/4967056\/kapelusznicy\">lubimyczytac.pl<\/a><\/p>\n<\/div><\/div>\n\n\n\n<hr class=\"wp-block-separator has-alpha-channel-opacity\"\/>\n\n\n\n<div class=\"wp-block-media-text is-stacked-on-mobile\"><figure class=\"wp-block-media-text__media\"><img loading=\"lazy\" decoding=\"async\" width=\"683\" height=\"1024\" src=\"https:\/\/nowa.mogielnica.pl\/wp-content\/uploads\/2024\/10\/20241202_141323-683x1024.jpg\" alt=\"\" class=\"wp-image-3719 size-full\" srcset=\"https:\/\/nowa.mogielnica.pl\/wp-content\/uploads\/2024\/10\/20241202_141323-683x1024.jpg 683w, https:\/\/nowa.mogielnica.pl\/wp-content\/uploads\/2024\/10\/20241202_141323-200x300.jpg 200w, https:\/\/nowa.mogielnica.pl\/wp-content\/uploads\/2024\/10\/20241202_141323-768x1152.jpg 768w, https:\/\/nowa.mogielnica.pl\/wp-content\/uploads\/2024\/10\/20241202_141323-1024x1536.jpg 1024w, https:\/\/nowa.mogielnica.pl\/wp-content\/uploads\/2024\/10\/20241202_141323-1366x2048.jpg 1366w, https:\/\/nowa.mogielnica.pl\/wp-content\/uploads\/2024\/10\/20241202_141323.jpg 1483w\" sizes=\"auto, (max-width: 683px) 100vw, 683px\" \/><\/figure><div class=\"wp-block-media-text__content\">\n<p class=\"has-medium-font-size\"><strong>Okrutny Ksi\u0105\u017c\u0119 &#8211; Holly Black<\/strong><\/p>\n\n\n\n<p class=\"has-small-font-size\">Krwawa zbrodnia na zawsze odmienia los trzech si\u00f3str. Zostaj\u0105 porwane do \u015bwiata elf\u00f3w, bajecznego Elysium. Up\u0142ywa dziesi\u0119\u0107 lat; Jude pragnie za wszelk\u0105 cen\u0119 odnale\u017a\u0107 swoje miejsce w krainie elf\u00f3w \u2013 lecz dumni elfowie gardz\u0105 \u015bmiertelniczk\u0105, a wzgardliwszy od innych jest ksi\u0105\u017c\u0119 Cardan, najm\u0142odszy i najokrutniejszy z potomk\u00f3w Najwy\u017cszego Kr\u00f3la.<\/p>\n\n\n\n<p class=\"has-small-font-size\">By zdoby\u0107 pozycj\u0119 na Dworze, musi rzuci\u0107 Cardanowi wyzwanie \u2013 a nast\u0119pnie ponie\u015b\u0107 konsekwencje.<\/p>\n\n\n\n<p class=\"has-small-font-size\">Jude poznaje labirynt intryg i u\u0142udy, odkrywa w\u0142asn\u0105 przebieg\u0142o\u015b\u0107 i to, \u017ce zdolna jest zada\u0107 b\u00f3l, a nawet \u015bmier\u0107. Gdy za spraw\u0105 zdradzieckich knowa\u0144 elfowym dworom zagra\u017ca niebezpiecze\u0144stwo pogr\u0105\u017cenia si\u0119 w chaosie krwawej wojny, Jude gotowa jest narazi\u0107 \u017cycie, by ocali\u0107 siostry i Kr\u00f3lestwo.<\/p>\n\n\n\n<p class=\"has-small-font-size\">Pierwsza cz\u0119\u015b\u0107 trylogii o podst\u0119pach i \u017c\u0105dzy w\u0142adzy, czarach i magii \u2013 razem z Jude odkrywamy mistern\u0105 sie\u0107 elfowych intryg.<\/p>\n\n\n\n<p><a href=\"https:\/\/lubimyczytac.pl\/ksiazka\/4967056\/kapelusznicy\" data-type=\"link\" data-id=\"https:\/\/lubimyczytac.pl\/ksiazka\/4967056\/kapelusznicy\">lubimyczytac.pl<\/a><\/p>\n<\/div><\/div>\n\n\n\n<hr class=\"wp-block-separator has-alpha-channel-opacity\"\/>\n\n\n\n<div class=\"wp-block-media-text is-stacked-on-mobile\"><figure class=\"wp-block-media-text__media\"><img loading=\"lazy\" decoding=\"async\" width=\"1024\" height=\"841\" src=\"https:\/\/nowa.mogielnica.pl\/wp-content\/uploads\/2024\/10\/20241217_134427-1024x841.jpg\" alt=\"\" class=\"wp-image-3692 size-full\" srcset=\"https:\/\/nowa.mogielnica.pl\/wp-content\/uploads\/2024\/10\/20241217_134427-1024x841.jpg 1024w, https:\/\/nowa.mogielnica.pl\/wp-content\/uploads\/2024\/10\/20241217_134427-300x246.jpg 300w, https:\/\/nowa.mogielnica.pl\/wp-content\/uploads\/2024\/10\/20241217_134427-768x630.jpg 768w, https:\/\/nowa.mogielnica.pl\/wp-content\/uploads\/2024\/10\/20241217_134427-1536x1261.jpg 1536w, https:\/\/nowa.mogielnica.pl\/wp-content\/uploads\/2024\/10\/20241217_134427-2048x1681.jpg 2048w\" sizes=\"auto, (max-width: 1024px) 100vw, 1024px\" \/><\/figure><div class=\"wp-block-media-text__content\">\n<p><strong>Najukocha\u0144sza &#8211; Joanna Jagie\u0142\u0142o<\/strong><\/p>\n\n\n\n<p class=\"has-small-font-size\">Od kiedy Mi\u0142ka zamieszka\u0142a w domu w \u015brodku lasu z mam\u0105 artystk\u0105 jej \u017cycie diametralnie si\u0119 zmieni\u0142o. Wczesne wstawanie i dojazdy do szko\u0142y to koszmar, z mam\u0105 ci\u0119\u017cko si\u0119 dogada\u0107, w klasie nie ma nikogo bliskiego. Do tego te dziwne wizje, kt\u00f3re Mi\u0142ka miewa, b\u0119d\u0105c w pobli\u017cu wzg\u00f3rza, na kt\u00f3rym palono kiedy\u015b czarownice\u2026 I powracaj\u0105ce wci\u0105\u017c pytanie \u2013 kto jest jej ojcem?<br><br>Na szcz\u0119\u015bcie na horyzoncie pojawia si\u0119 ON. Mi\u0142ka d\u0142ugo czeka\u0142a na t\u0119 mi\u0142o\u015b\u0107, a teraz ma szans\u0119 na co\u015b prawdziwego i wyj\u0105tkowego. Z kim innym mog\u0142aby podziwia\u0107 jesienny krajobraz, popijaj\u0105c herbat\u0119 z termosu?<\/p>\n\n\n\n<p class=\"has-small-font-size\"><a href=\"https:\/\/lubimyczytac.pl\/ksiazka\/4967056\/kapelusznicy\" data-type=\"link\" data-id=\"https:\/\/lubimyczytac.pl\/ksiazka\/4967056\/kapelusznicy\">lubimyczytac.pl<\/a><\/p>\n\n\n\n<p><\/p>\n<\/div><\/div>\n\n\n\n<hr class=\"wp-block-separator has-alpha-channel-opacity\"\/>\n\n\n\n<div class=\"wp-block-media-text is-stacked-on-mobile\"><figure class=\"wp-block-media-text__media\"><img loading=\"lazy\" decoding=\"async\" width=\"1024\" height=\"624\" src=\"https:\/\/nowa.mogielnica.pl\/wp-content\/uploads\/2024\/10\/20241217_112239-1024x624.jpg\" alt=\"\" class=\"wp-image-3660 size-full\" srcset=\"https:\/\/nowa.mogielnica.pl\/wp-content\/uploads\/2024\/10\/20241217_112239-1024x624.jpg 1024w, https:\/\/nowa.mogielnica.pl\/wp-content\/uploads\/2024\/10\/20241217_112239-300x183.jpg 300w, https:\/\/nowa.mogielnica.pl\/wp-content\/uploads\/2024\/10\/20241217_112239-768x468.jpg 768w, https:\/\/nowa.mogielnica.pl\/wp-content\/uploads\/2024\/10\/20241217_112239-1536x937.jpg 1536w, https:\/\/nowa.mogielnica.pl\/wp-content\/uploads\/2024\/10\/20241217_112239-2048x1249.jpg 2048w\" sizes=\"auto, (max-width: 1024px) 100vw, 1024px\" \/><\/figure><div class=\"wp-block-media-text__content\">\n<p><\/p>\n\n\n\n<p><strong><a href=\"https:\/\/lubimyczytac.pl\/autor\/209002\/urszula-gajdowska\">Urszula Gajdowska<\/a> &#8211; Cykl: Dworek nad Biebrz\u0105<\/strong><\/p>\n\n\n\n<p class=\"has-small-font-size\">Jesie\u0144 1823 roku. Izabela Wieczorek, podopieczna wicehrabiego Gie\u0142czy\u0144skiego, w\u0142a\u015bciciela dworu nad Biebrz\u0105, pragnie wyj\u015b\u0107 za m\u0105\u017c. Cho\u0107 na arystokratycznych balach i rautach wyr\u00f3\u017cnia si\u0119 urod\u0105, budzi zgorszenie nieprzystojnym zachowaniem. Na dodatek wszyscy konkurenci do r\u0119ki niesfornej awanturnicy przepadaj\u0105 bez wie\u015bci. W tajemniczych okoliczno\u015bciach ginie te\u017c cenny rodowy klejnot pewnego szlachcica\u2026<\/p>\n\n\n\n<p class=\"has-small-font-size\"><a href=\"https:\/\/lubimyczytac.pl\/ksiazka\/4967056\/kapelusznicy\" data-type=\"link\" data-id=\"https:\/\/lubimyczytac.pl\/ksiazka\/4967056\/kapelusznicy\">lubimyczytac.pl<\/a><br><\/p>\n<\/div><\/div>\n\n\n\n<hr class=\"wp-block-separator has-alpha-channel-opacity\"\/>\n\n\n\n<div class=\"wp-block-columns is-layout-flex wp-container-core-columns-is-layout-9d6595d7 wp-block-columns-is-layout-flex\">\n<div class=\"wp-block-column is-layout-flow wp-block-column-is-layout-flow\" style=\"flex-basis:50%\">\n<figure class=\"wp-block-image\"><img loading=\"lazy\" decoding=\"async\" width=\"683\" height=\"1024\" src=\"https:\/\/nowa.mogielnica.pl\/wp-content\/uploads\/2024\/10\/20241202_141439-683x1024.jpg\" alt=\"\" class=\"wp-image-3379\" srcset=\"https:\/\/nowa.mogielnica.pl\/wp-content\/uploads\/2024\/10\/20241202_141439-683x1024.jpg 683w, https:\/\/nowa.mogielnica.pl\/wp-content\/uploads\/2024\/10\/20241202_141439-200x300.jpg 200w, https:\/\/nowa.mogielnica.pl\/wp-content\/uploads\/2024\/10\/20241202_141439-768x1152.jpg 768w, https:\/\/nowa.mogielnica.pl\/wp-content\/uploads\/2024\/10\/20241202_141439-1024x1536.jpg 1024w, https:\/\/nowa.mogielnica.pl\/wp-content\/uploads\/2024\/10\/20241202_141439-1365x2048.jpg 1365w, https:\/\/nowa.mogielnica.pl\/wp-content\/uploads\/2024\/10\/20241202_141439-scaled.jpg 1707w\" sizes=\"auto, (max-width: 683px) 100vw, 683px\" \/><\/figure>\n<\/div>\n\n\n\n<div class=\"wp-block-column is-layout-flow wp-block-column-is-layout-flow\" style=\"flex-basis:50%\">\n<p><\/p>\n\n\n\n<p><strong>Miecz Kaigenu &#8211; M. L. Wang<\/strong><\/p>\n\n\n\n<p class=\"has-small-font-size\">Mamoru, czternastoletni cz\u0142onek legendarnej rodziny Matsuda, od urodzenia mia\u0142 tylko jeden cel: zosta\u0107 doskona\u0142ym wojownikiem i broni\u0107 ojczyzny. Kiedy przybysz z zewn\u0105trz ujawnia mu sekret, Mamoru nabiera podejrze\u0144, \u017ce Imperium, do obrony kt\u00f3rego zosta\u0142 wychowany, zbudowane jest na k\u0142amstwach, i zdaje sobie spraw\u0119, \u017ce nie uko\u0144czy szkolenia\u2026<\/p>\n\n\n\n<p class=\"has-small-font-size\"><br>Misaki pragnie zamkn\u0105\u0107 pewien rozdzia\u0142 swojego \u017cycia. Wychodzi za m\u0105\u017c i stara si\u0119 zapomnie\u0107 o brutalnej przesz\u0142o\u015bci. Ukrywa miecz i wszystko, co j\u0105 \u0142\u0105czy ze wspomnieniami wojowniczki, kt\u00f3r\u0105 dot\u0105d by\u0142a. Zdeterminowana, by sta\u0107 si\u0119 dobr\u0105 matk\u0105 i gospodyni\u0105, postanawia ju\u017c nigdy nie ucieka\u0107 si\u0119 do przemocy. Kiedy jednak jej dorastaj\u0105cy syn zaczyna zadawa\u0107 pytania o \u017cycie poza p\u00f3\u0142wyspem Kusanagi i kiedy Misaki dostrzega gro\u017ab\u0119 zbli\u017caj\u0105cej si\u0119 inwazji, budzi w sobie u\u015bpionego wojownika i ponownie chwyta za miecz.<\/p>\n\n\n\n<p class=\"has-small-font-size\"><a href=\"https:\/\/lubimyczytac.pl\/ksiazka\/4967056\/kapelusznicy\" data-type=\"link\" data-id=\"https:\/\/lubimyczytac.pl\/ksiazka\/4967056\/kapelusznicy\">lubimyczytac.pl<\/a><\/p>\n<\/div>\n<\/div>\n\n\n\n<hr class=\"wp-block-separator has-alpha-channel-opacity\"\/>\n\n\n\n<div class=\"wp-block-columns is-layout-flex wp-container-core-columns-is-layout-9d6595d7 wp-block-columns-is-layout-flex\">\n<div class=\"wp-block-column is-layout-flow wp-block-column-is-layout-flow\" style=\"flex-basis:50%\">\n<figure class=\"wp-block-image size-large\"><img loading=\"lazy\" decoding=\"async\" width=\"980\" height=\"1024\" src=\"https:\/\/nowa.mogielnica.pl\/wp-content\/uploads\/2024\/10\/20241202_133528-980x1024.jpg\" alt=\"\" class=\"wp-image-3375\" srcset=\"https:\/\/nowa.mogielnica.pl\/wp-content\/uploads\/2024\/10\/20241202_133528-980x1024.jpg 980w, https:\/\/nowa.mogielnica.pl\/wp-content\/uploads\/2024\/10\/20241202_133528-287x300.jpg 287w, https:\/\/nowa.mogielnica.pl\/wp-content\/uploads\/2024\/10\/20241202_133528-768x802.jpg 768w, https:\/\/nowa.mogielnica.pl\/wp-content\/uploads\/2024\/10\/20241202_133528-1471x1536.jpg 1471w, https:\/\/nowa.mogielnica.pl\/wp-content\/uploads\/2024\/10\/20241202_133528-1961x2048.jpg 1961w\" sizes=\"auto, (max-width: 980px) 100vw, 980px\" \/><\/figure>\n<\/div>\n\n\n\n<div class=\"wp-block-column is-layout-flow wp-block-column-is-layout-flow\" style=\"flex-basis:50%\">\n<p><strong>Zapiski Zielarki &#8211; Natsu Hyuuga,&nbsp;Ikki Nanao, Nekokurage<\/strong> <\/p>\n\n\n\n<p class=\"has-small-font-size\">Maomao, ambitna m\u0142oda zielarka, zostaje porwana i trafia do haremu cesarza jako s\u0142u\u017c\u0105ca. Aby nie pogarsza\u0107 sytuacji, w kt\u00f3rej si\u0119 znalaz\u0142a, zataja swoje umiej\u0119tno\u015bci, a nawet fakt, \u017ce potrafi czyta\u0107 i pisa\u0107. Tymczasem nowo narodzone dzieci w\u0142adcy umieraj\u0105 na skutek tajemniczej kl\u0105twy. Zielarka szybko orientuje si\u0119, \u017ce to nie magia, ale trucizna jest przyczyn\u0105 \u015bmierci niemowl\u0105t. Decyduje si\u0119 ostrzec ksi\u0119\u017cniczki, podrzucaj\u0105c do ich komnat wiadomo\u015b\u0107 o powodach niezwyk\u0142ej choroby ich dzieci. Dziewczyna nie przypuszcza nawet, jak bardzo ta decyzja zawa\u017cy na jej losie. Tym bardziej, \u017ce znalaz\u0142a si\u0119 w miejscu, w kt\u00f3rym nikt nie mo\u017ce czu\u0107 si\u0119 bezpieczny&#8230;<\/p>\n\n\n\n<p><a href=\"https:\/\/lubimyczytac.pl\/ksiazka\/4967056\/kapelusznicy\" data-type=\"link\" data-id=\"https:\/\/lubimyczytac.pl\/ksiazka\/4967056\/kapelusznicy\">lubimyczytac.pl<\/a><\/p>\n<\/div>\n<\/div>\n\n\n\n<hr class=\"wp-block-separator has-alpha-channel-opacity\"\/>\n\n\n\n<div class=\"wp-block-columns is-layout-flex wp-container-core-columns-is-layout-9d6595d7 wp-block-columns-is-layout-flex\">\n<div class=\"wp-block-column is-layout-flow wp-block-column-is-layout-flow\" style=\"flex-basis:50%\">\n<figure class=\"wp-block-image size-large\"><img loading=\"lazy\" decoding=\"async\" width=\"682\" height=\"1024\" src=\"https:\/\/nowa.mogielnica.pl\/wp-content\/uploads\/2024\/10\/20241202_141043-682x1024.jpg\" alt=\"\" class=\"wp-image-3364\" srcset=\"https:\/\/nowa.mogielnica.pl\/wp-content\/uploads\/2024\/10\/20241202_141043-682x1024.jpg 682w, https:\/\/nowa.mogielnica.pl\/wp-content\/uploads\/2024\/10\/20241202_141043-200x300.jpg 200w, https:\/\/nowa.mogielnica.pl\/wp-content\/uploads\/2024\/10\/20241202_141043-768x1152.jpg 768w, https:\/\/nowa.mogielnica.pl\/wp-content\/uploads\/2024\/10\/20241202_141043-1024x1536.jpg 1024w, https:\/\/nowa.mogielnica.pl\/wp-content\/uploads\/2024\/10\/20241202_141043.jpg 1053w\" sizes=\"auto, (max-width: 682px) 100vw, 682px\" \/><\/figure>\n<\/div>\n\n\n\n<div class=\"wp-block-column is-layout-flow wp-block-column-is-layout-flow\" style=\"flex-basis:50%\">\n<p><\/p>\n\n\n\n<p class=\"has-medium-font-size\"><strong>Dogman<\/strong> to #1 na listach bestseller\u00f3w New York Timesa w\u015br\u00f3d ksi\u0105\u017cek dla dzieci.<\/p>\n\n\n\n<p>6 tom\u00f3w wy\u015bmienitej zabawy dla dzieciak\u00f3w uwielbiaj\u0105cych komiksy i nieskomplikowany humor!<\/p>\n\n\n\n<p>W czasach mroku i rozpaczy, gdy pojawiaj\u0105 si\u0119 dziwne czarne charaktery\u2026 Tylko gliniarz z psim \u0142bem mo\u017ce ocali\u0107 \u015bwiat!<br>Nowe dzie\u0142o tw\u00f3rcy Kapitana Majtasa: Dogman, numer #1 na li\u015bcie bestseller\u00f3w New York Timesa. W w\u0105tpia zbrodni wgryza si\u0119 glina idealny: p\u00f3\u0142 pies, p\u00f3\u0142 cz\u0142ek i CA\u0141Y BOHATER!<\/p>\n\n\n\n<p><a href=\"https:\/\/lubimyczytac.pl\/ksiazka\/4967056\/kapelusznicy\" data-type=\"link\" data-id=\"https:\/\/lubimyczytac.pl\/ksiazka\/4967056\/kapelusznicy\">lubimyczytac.pl<\/a><\/p>\n<\/div>\n<\/div>\n\n\n\n<hr class=\"wp-block-separator has-alpha-channel-opacity\"\/>\n\n\n\n<div class=\"wp-block-columns is-layout-flex wp-container-core-columns-is-layout-9d6595d7 wp-block-columns-is-layout-flex\">\n<div class=\"wp-block-column is-layout-flow wp-block-column-is-layout-flow\" style=\"flex-basis:50%\">\n<figure class=\"wp-block-image size-large\"><img loading=\"lazy\" decoding=\"async\" width=\"639\" height=\"1024\" src=\"https:\/\/nowa.mogielnica.pl\/wp-content\/uploads\/2024\/10\/Sawicka-1-639x1024.jpg\" alt=\"\" class=\"wp-image-3333\" srcset=\"https:\/\/nowa.mogielnica.pl\/wp-content\/uploads\/2024\/10\/Sawicka-1-639x1024.jpg 639w, https:\/\/nowa.mogielnica.pl\/wp-content\/uploads\/2024\/10\/Sawicka-1-187x300.jpg 187w, https:\/\/nowa.mogielnica.pl\/wp-content\/uploads\/2024\/10\/Sawicka-1-768x1231.jpg 768w, https:\/\/nowa.mogielnica.pl\/wp-content\/uploads\/2024\/10\/Sawicka-1-958x1536.jpg 958w, https:\/\/nowa.mogielnica.pl\/wp-content\/uploads\/2024\/10\/Sawicka-1-1278x2048.jpg 1278w, https:\/\/nowa.mogielnica.pl\/wp-content\/uploads\/2024\/10\/Sawicka-1-scaled.jpg 1597w\" sizes=\"auto, (max-width: 639px) 100vw, 639px\" \/><\/figure>\n<\/div>\n\n\n\n<div class=\"wp-block-column is-layout-flow wp-block-column-is-layout-flow\" style=\"flex-basis:50%\">\n<p class=\"has-medium-font-size\"><strong>Kl\u0105twa Langer\u00f3w &#8211; Wioletta Sawicka<\/strong><\/p>\n\n\n\n<p class=\"has-small-font-size\">Pierwszy tom nowej porywaj\u0105cej sagi Wioletty Sawickiej.<br>W roku 1919 w rodzinie m\u0142odych Langer\u00f3w, polskich Warmiak\u00f3w, rodzi si\u0119 pierwsze dziecko &#8211; dziewczynka, kt\u00f3rej dano na imi\u0119 Lizka. W dniu jej narodzin w cha\u0142upie Langer\u00f3w niespodziewanie pojawia si\u0119 kilkuletni Franz, syn miejscowego niemieckiego krezusa.<\/p>\n\n\n\n<p class=\"has-small-font-size\"><br>Od chwili gdy miejscowa znachorka ujrza\u0142a te pochodz\u0105ce ze skrajnie r\u00f3\u017cnych \u015bwiat\u00f3w dzieci, prze\u015bladuj\u0105 j\u0105 dziwne wizje.<br>Tymczasem Polacy na Warmii, mimo niemieckich szykan, szykuj\u0105 si\u0119 do plebiscytu, kt\u00f3ry ma zdecydowa\u0107, czy \u015awi\u0119ta Warmia b\u0119dzie nale\u017ce\u0107 do odrodzonej Polski, czy do Prus.<\/p>\n\n\n\n<p class=\"has-small-font-size\"><br>Niezwyk\u0142a opowie\u015b\u0107 o zwyk\u0142ych ludziach, kt\u00f3rym przysz\u0142o \u017cy\u0107 w trudnych czasach.<\/p>\n\n\n\n<p class=\"has-small-font-size\"><br>Kochali za mocno i wierzyli za bardzo. To sta\u0142o si\u0119 ich kl\u0105tw\u0105.<br>Za wierno\u015b\u0107 swoim idea\u0142om zap\u0142acili wysok\u0105 cen\u0119.<\/p>\n\n\n\n<p class=\"has-small-font-size\"><a href=\"https:\/\/lubimyczytac.pl\/ksiazka\/4967056\/kapelusznicy\" data-type=\"link\" data-id=\"https:\/\/lubimyczytac.pl\/ksiazka\/4967056\/kapelusznicy\">lubimyczytac.pl<\/a><\/p>\n<\/div>\n<\/div>\n\n\n\n<hr class=\"wp-block-separator has-alpha-channel-opacity\"\/>\n\n\n\n<div class=\"wp-block-columns is-layout-flex wp-container-core-columns-is-layout-9d6595d7 wp-block-columns-is-layout-flex\">\n<div class=\"wp-block-column is-layout-flow wp-block-column-is-layout-flow\" style=\"flex-basis:50%\">\n<figure class=\"wp-block-image size-large\"><img loading=\"lazy\" decoding=\"async\" width=\"634\" height=\"1024\" src=\"https:\/\/nowa.mogielnica.pl\/wp-content\/uploads\/2024\/10\/20241104_161431-634x1024.jpg\" alt=\"\" class=\"wp-image-3326\" srcset=\"https:\/\/nowa.mogielnica.pl\/wp-content\/uploads\/2024\/10\/20241104_161431-634x1024.jpg 634w, https:\/\/nowa.mogielnica.pl\/wp-content\/uploads\/2024\/10\/20241104_161431-186x300.jpg 186w, https:\/\/nowa.mogielnica.pl\/wp-content\/uploads\/2024\/10\/20241104_161431-768x1241.jpg 768w, https:\/\/nowa.mogielnica.pl\/wp-content\/uploads\/2024\/10\/20241104_161431-950x1536.jpg 950w, https:\/\/nowa.mogielnica.pl\/wp-content\/uploads\/2024\/10\/20241104_161431-1267x2048.jpg 1267w, https:\/\/nowa.mogielnica.pl\/wp-content\/uploads\/2024\/10\/20241104_161431-scaled.jpg 1584w\" sizes=\"auto, (max-width: 634px) 100vw, 634px\" \/><\/figure>\n<\/div>\n\n\n\n<div class=\"wp-block-column is-layout-flow wp-block-column-is-layout-flow\" style=\"flex-basis:50%\">\n<p><\/p>\n\n\n\n<p class=\"has-medium-font-size\"><strong>CZARODZIEJKA. BAJKI BEZ BARIER CZ.II AUTYZM<\/strong> &#8211;<strong> Joanna Maria Chmielewska<\/strong><\/p>\n\n\n\n<p>Majka pod d\u0119bem, kt\u00f3ry uwa\u017ca za magiczny, widuje pewn\u0105 dziewczynk\u0119. Kaja zawsze zachowuje si\u0119 tak samo; obchodzi d\u0105b trzy razy naoko\u0142o, powtarzaj\u0105c jakie\u015b dziwne s\u0142owa, stuka w pie\u0144, w\u0105cha go, a potem uk\u0142ada pod drzewem wzorki z patyk\u00f3w i \u017co\u0142\u0119dzi. Czy Kaja jest czarodziejk\u0105?<br>\u201eCzarodziejka\u201d to bajka psychoedukacyjna, kt\u00f3ra wprowadza dzieci w \u015bwiat r\u00f3wie\u015bnika z autyzmem, pomaga pozna\u0107 i zaakceptowa\u0107 inno\u015b\u0107. Mo\u017ce by\u0107 wsparciem dla rodzic\u00f3w<br>i nauczycieli w rozmowach na temat niepe\u0142nosprawno\u015bci z dzie\u0107mi w wieku przedszkolnym i m\u0142odszym szkolnym.<\/p>\n\n\n\n<p><a href=\"https:\/\/lubimyczytac.pl\/ksiazka\/4967056\/kapelusznicy\" data-type=\"link\" data-id=\"https:\/\/lubimyczytac.pl\/ksiazka\/4967056\/kapelusznicy\">lubimyczytac.pl<\/a><\/p>\n<\/div>\n<\/div>\n\n\n\n<hr class=\"wp-block-separator has-alpha-channel-opacity\"\/>\n\n\n\n<div class=\"wp-block-columns is-layout-flex wp-container-core-columns-is-layout-9d6595d7 wp-block-columns-is-layout-flex\">\n<div class=\"wp-block-column is-layout-flow wp-block-column-is-layout-flow\" style=\"flex-basis:50%\">\n<figure class=\"wp-block-image size-large\"><img loading=\"lazy\" decoding=\"async\" width=\"648\" height=\"1024\" src=\"https:\/\/nowa.mogielnica.pl\/wp-content\/uploads\/2024\/10\/20241104_161438-648x1024.jpg\" alt=\"\" class=\"wp-image-3276\" srcset=\"https:\/\/nowa.mogielnica.pl\/wp-content\/uploads\/2024\/10\/20241104_161438-648x1024.jpg 648w, https:\/\/nowa.mogielnica.pl\/wp-content\/uploads\/2024\/10\/20241104_161438-190x300.jpg 190w, https:\/\/nowa.mogielnica.pl\/wp-content\/uploads\/2024\/10\/20241104_161438-768x1214.jpg 768w, https:\/\/nowa.mogielnica.pl\/wp-content\/uploads\/2024\/10\/20241104_161438-971x1536.jpg 971w, https:\/\/nowa.mogielnica.pl\/wp-content\/uploads\/2024\/10\/20241104_161438-1295x2048.jpg 1295w, https:\/\/nowa.mogielnica.pl\/wp-content\/uploads\/2024\/10\/20241104_161438-scaled.jpg 1619w\" sizes=\"auto, (max-width: 648px) 100vw, 648px\" \/><\/figure>\n<\/div>\n\n\n\n<div class=\"wp-block-column is-layout-flow wp-block-column-is-layout-flow\" style=\"flex-basis:50%\">\n<h2 class=\"wp-block-heading\">HUBEK KUBEK WST\u0104\u017bKA. BAJKI BEZ BARIER CZ.I ZESP\u00d3\u0141 ASPERGERA &#8211; Joanna Maria Chmielewska<\/h2>\n\n\n\n<p class=\"has-small-font-size\">Hubert swoim zachowaniem zaskakuje i intryguje r\u00f3wie\u015bnik\u00f3w. Ma niezwyk\u0142\u0105 pami\u0119\u0107, o Tytanicu wie wi\u0119cej ni\u017c Kapitan, ale nie rozumie, co znaczy mie\u0107 dwie lewe r\u0119ce. Przewa\u017cnie bawi si\u0119 sam, zawsze w tym samym miejscu i trudno si\u0119 z nim dogada\u0107. Pewnego dnia Majka z pods\u0142uchanej rozmowy dowiaduje si\u0119, \u017ce Hubek ma jaki\u015b zesp\u00f3\u0142\u2026 muzyczny?<br>Nic bardziej mylnego&#8230; Ta ksi\u0105\u017cka wprowadza dzieci w \u015bwiat r\u00f3wie\u015bnika z zespo\u0142em Aspergera i pomaga pozna\u0107, i zaakceptowa\u0107 inno\u015b\u0107. <\/p>\n\n\n\n<p class=\"has-small-font-size\">Mo\u017ce by\u0107 wsparciem dla rodzic\u00f3w i nauczycieli<br>w rozmowach na temat niepe\u0142nosprawno\u015bci z dzie\u0107mi w wieku przedszkolnym i m\u0142odszym szkolnym.<\/p>\n\n\n\n<p class=\"has-small-font-size\"><a href=\"https:\/\/lubimyczytac.pl\/ksiazka\/4967056\/kapelusznicy\" data-type=\"link\" data-id=\"https:\/\/lubimyczytac.pl\/ksiazka\/4967056\/kapelusznicy\">lubimyczytac.pl<\/a><\/p>\n<\/div>\n<\/div>\n\n\n\n<hr class=\"wp-block-separator has-alpha-channel-opacity\"\/>\n\n\n\n<div class=\"wp-block-columns is-layout-flex wp-container-core-columns-is-layout-9d6595d7 wp-block-columns-is-layout-flex\">\n<div class=\"wp-block-column is-layout-flow wp-block-column-is-layout-flow\" style=\"flex-basis:50%\">\n<figure class=\"wp-block-image size-large\"><img loading=\"lazy\" decoding=\"async\" width=\"682\" height=\"1024\" src=\"https:\/\/nowa.mogielnica.pl\/wp-content\/uploads\/2024\/10\/gdzie-spiewaja-raki-682x1024.jpg\" alt=\"\" class=\"wp-image-3252\" srcset=\"https:\/\/nowa.mogielnica.pl\/wp-content\/uploads\/2024\/10\/gdzie-spiewaja-raki-682x1024.jpg 682w, https:\/\/nowa.mogielnica.pl\/wp-content\/uploads\/2024\/10\/gdzie-spiewaja-raki-200x300.jpg 200w, https:\/\/nowa.mogielnica.pl\/wp-content\/uploads\/2024\/10\/gdzie-spiewaja-raki-768x1152.jpg 768w, https:\/\/nowa.mogielnica.pl\/wp-content\/uploads\/2024\/10\/gdzie-spiewaja-raki-1024x1536.jpg 1024w, https:\/\/nowa.mogielnica.pl\/wp-content\/uploads\/2024\/10\/gdzie-spiewaja-raki-1365x2048.jpg 1365w, https:\/\/nowa.mogielnica.pl\/wp-content\/uploads\/2024\/10\/gdzie-spiewaja-raki-scaled.jpg 1706w\" sizes=\"auto, (max-width: 682px) 100vw, 682px\" \/><\/figure>\n<\/div>\n\n\n\n<div class=\"wp-block-column is-layout-flow wp-block-column-is-layout-flow\" style=\"flex-basis:50%\">\n<h2 class=\"wp-block-heading\">Gdzie \u015bpiewaj\u0105 raki &#8211; Delia Owens<\/h2>\n\n\n\n<p class=\"has-small-font-size\">JAK D\u0141UGO ZDO\u0141ASZ CHRONI\u0106 SWOJE SERCE? Pog\u0142oski o Dziewczynie z Bagien latami kr\u0105\u017cy\u0142y po Barkley Cove, sennym miasteczku u wybrze\u017cy Karoliny P\u00f3\u0142nocnej. Dlatego pod koniec 1969 roku, gdy na mokrad\u0142ach znaleziono cia\u0142o przystojnego Chase\u2019a Andrewsa, miejscowi zwr\u00f3cili si\u0119 przeciwko Kyi Clark, zwanej Dziewczyn\u0105 z Bagien.<\/p>\n\n\n\n<p class=\"has-small-font-size\">Gdzie \u015bpiewaj\u0105 raki to wysmakowana oda do \u015bwiata przyrody, wzruszaj\u0105ca fabu\u0142a o dojrzewaniu i zaskakuj\u0105ca relacja z procesu. Owens przypomina, \u017ce dzieci\u0144stwo nas kszta\u0142tuje definitywnie i \u017ce wszyscy bez wyj\u0105tku podlegamy wspania\u0142ym, lecz nieokie\u0142znanym sekretnym si\u0142om natury.<\/p>\n\n\n\n<p class=\"has-small-font-size\">Ponad 3 miliony sprzedanych egzemplarzy w USA. Opublikowany w 41 krajach.<\/p>\n\n\n\n<p class=\"has-small-font-size\"><a href=\"https:\/\/lubimyczytac.pl\/ksiazka\/4967056\/kapelusznicy\" data-type=\"link\" data-id=\"https:\/\/lubimyczytac.pl\/ksiazka\/4967056\/kapelusznicy\">lubimyczytac.pl<\/a><\/p>\n<\/div>\n<\/div>\n\n\n\n<hr class=\"wp-block-separator has-alpha-channel-opacity\"\/>\n\n\n\n<div class=\"wp-block-columns is-layout-flex wp-container-core-columns-is-layout-9d6595d7 wp-block-columns-is-layout-flex\">\n<div class=\"wp-block-column is-layout-flow wp-block-column-is-layout-flow\" style=\"flex-basis:50%\">\n<figure class=\"wp-block-image size-full\"><img loading=\"lazy\" decoding=\"async\" width=\"661\" height=\"1024\" src=\"https:\/\/nowa.mogielnica.pl\/wp-content\/uploads\/2024\/10\/kapelusznicy.jpg\" alt=\"\" class=\"wp-image-2991\" srcset=\"https:\/\/nowa.mogielnica.pl\/wp-content\/uploads\/2024\/10\/kapelusznicy.jpg 661w, https:\/\/nowa.mogielnica.pl\/wp-content\/uploads\/2024\/10\/kapelusznicy-194x300.jpg 194w\" sizes=\"auto, (max-width: 661px) 100vw, 661px\" \/><\/figure>\n<\/div>\n\n\n\n<div class=\"wp-block-column is-layout-flow wp-block-column-is-layout-flow\" style=\"flex-basis:50%\">\n<p><\/p>\n\n\n\n<h2 class=\"wp-block-heading\">Kapelusznicy &#8211; Tamzin Merchant<\/h2>\n\n\n\n<p class=\"has-small-font-size\">Cordelia pochodzi z d\u0142ugiej linii magicznych Kapelusznik\u00f3w, kt\u00f3rzy w ka\u017cdy kapelusz wplataj\u0105 alchemi\u0119 i zakl\u0119cie. Kiedy ojciec Cordelii i jego statek, Jolly Bonnet, gubi\u0105 si\u0119 na morzu podczas misji zbierania magicznych sk\u0142adnik\u00f3w do kapeluszy, Cordelia postanawia go odnale\u017a\u0107. Ale wujek Tiberius i ciocia Ariadne nie maj\u0105 czasu pom\u00f3c najmniejszemu Kapelusznikowi \u2013 poniewa\u017c kto\u015b u\u017cywa magii kapelusza do ciemnych cel\u00f3w.<\/p>\n\n\n\n<p class=\"has-small-font-size\">Dzie\u0142a rodziny \u2013 wraz z produktami ich rywali, magicznych Szewc\u00f3w, R\u0119kawicznik\u00f3w, Krawc\u00f3w i Zegarmistrz\u00f3w \u2013 zaczynaj\u0105 wywo\u0142ywa\u0107 zamieszanie i chaos. Tylko Cordelia mo\u017ce odkry\u0107 kto za tym stoi \u2013 i dlaczego.<\/p>\n\n\n\n<p class=\"has-small-font-size\"><a href=\"https:\/\/lubimyczytac.pl\/ksiazka\/4967056\/kapelusznicy\" data-type=\"link\" data-id=\"https:\/\/lubimyczytac.pl\/ksiazka\/4967056\/kapelusznicy\">lubimyczytac.pl<\/a><\/p>\n<\/div>\n<\/div>\n\n\n\n<hr class=\"wp-block-separator has-alpha-channel-opacity\"\/>\n\n\n\n<div class=\"wp-block-columns is-layout-flex wp-container-core-columns-is-layout-9d6595d7 wp-block-columns-is-layout-flex\">\n<div class=\"wp-block-column is-layout-flow wp-block-column-is-layout-flow\" style=\"flex-basis:50%\">\n<figure class=\"wp-block-image size-large\"><img loading=\"lazy\" decoding=\"async\" width=\"763\" height=\"1024\" src=\"https:\/\/nowa.mogielnica.pl\/wp-content\/uploads\/2024\/10\/20241104_162914-763x1024.jpg\" alt=\"\" class=\"wp-image-2970\" srcset=\"https:\/\/nowa.mogielnica.pl\/wp-content\/uploads\/2024\/10\/20241104_162914-763x1024.jpg 763w, https:\/\/nowa.mogielnica.pl\/wp-content\/uploads\/2024\/10\/20241104_162914-224x300.jpg 224w, https:\/\/nowa.mogielnica.pl\/wp-content\/uploads\/2024\/10\/20241104_162914-768x1030.jpg 768w, https:\/\/nowa.mogielnica.pl\/wp-content\/uploads\/2024\/10\/20241104_162914-1145x1536.jpg 1145w, https:\/\/nowa.mogielnica.pl\/wp-content\/uploads\/2024\/10\/20241104_162914-1527x2048.jpg 1527w, https:\/\/nowa.mogielnica.pl\/wp-content\/uploads\/2024\/10\/20241104_162914-scaled.jpg 1908w\" sizes=\"auto, (max-width: 763px) 100vw, 763px\" \/><\/figure>\n<\/div>\n\n\n\n<div class=\"wp-block-column is-layout-flow wp-block-column-is-layout-flow\" style=\"flex-basis:50%\">\n<p><\/p>\n\n\n\n<h2 class=\"wp-block-heading\"><strong>101 ciekawostek. Wojownicy &#8211; Niko Dominguez<\/strong><\/h2>\n\n\n\n<p>Rzymscy wojownicy, wikingowie, NINJA i Samurajowie, a nawet \u015bredniowieczni krzy\u017cowcy&#8230; Wyruszmy z nimi w podr\u00f3\u017c w czasie i poznajmy ich fascynuj\u0105ce \u017cycie, prac\u0119 i odkryjmy ciekawe techniki walki armii. Poznasz jakich broni u\u017cywali \u017co\u0142nierze i dowiesz si\u0119 wiele o wybitnych dow\u00f3dcach, kt\u00f3rzy przeszli do historii\u2026<\/p>\n\n\n\n<p><a href=\"https:\/\/lubimyczytac.pl\/ksiazka\/5022916\/143-pietrowy-domek-na-drzewie\" data-type=\"link\" data-id=\"https:\/\/lubimyczytac.pl\/ksiazka\/5022916\/143-pietrowy-domek-na-drzewie\">lubimyczytac.pl<\/a><\/p>\n<\/div>\n<\/div>\n\n\n\n<hr class=\"wp-block-separator has-alpha-channel-opacity\"\/>\n\n\n\n<div class=\"wp-block-columns is-layout-flex wp-container-core-columns-is-layout-9d6595d7 wp-block-columns-is-layout-flex\">\n<div class=\"wp-block-column is-layout-flow wp-block-column-is-layout-flow\" style=\"flex-basis:50%\">\n<figure class=\"wp-block-image size-full\"><img loading=\"lazy\" decoding=\"async\" width=\"634\" height=\"1024\" src=\"https:\/\/nowa.mogielnica.pl\/wp-content\/uploads\/2024\/10\/143-1.jpg\" alt=\"\" class=\"wp-image-2961\" srcset=\"https:\/\/nowa.mogielnica.pl\/wp-content\/uploads\/2024\/10\/143-1.jpg 634w, https:\/\/nowa.mogielnica.pl\/wp-content\/uploads\/2024\/10\/143-1-186x300.jpg 186w\" sizes=\"auto, (max-width: 634px) 100vw, 634px\" \/><\/figure>\n<\/div>\n\n\n\n<div class=\"wp-block-column is-layout-flow wp-block-column-is-layout-flow\" style=\"flex-basis:50%\">\n<p><\/p>\n\n\n\n<h2 class=\"wp-block-heading\">143-pi\u0119trowy domek na drzewie &#8211; Terry Denton,&nbsp;Andy Griffiths<\/h2>\n\n\n\n<p><\/p>\n\n\n\n<p class=\"has-small-font-size\">Jedenasty tom naj\u015bmieszniejszej serii od czas\u00f3w \u201eDziennika cwaniaczka\u201d!<\/p>\n\n\n\n<p class=\"has-small-font-size\">Andy i Terry mieszkaj\u0105 w stuczterdziestotrzypi\u0119trowym domku na drzewie (mieli stutrzydziestopi\u0119trowy, ale si\u0119 rozbudowali). A ten domek jest najfajniejszy na \u015bwiecie! Znajdziecie tu mi\u0119dzy innymi: nawiedzony cmentarz, s\u0142owoplujk\u0119, narzekalni\u0119, ducha ducha ducha o imieniu Fredek, roboty udaj\u0105ce si\u0119 w podr\u00f3\u017c po\u015brubn\u0105 oraz bar mleczno-rybny \u2013 pingwiny go uwielbiaj\u0105! No, na co czekacie? W\u0142a\u017acie!<\/p>\n\n\n\n<p class=\"has-small-font-size\"><a href=\"https:\/\/lubimyczytac.pl\/ksiazka\/5022916\/143-pietrowy-domek-na-drzewie\" data-type=\"link\" data-id=\"https:\/\/lubimyczytac.pl\/ksiazka\/5022916\/143-pietrowy-domek-na-drzewie\">lubimyczytac.pl<\/a><\/p>\n<\/div>\n<\/div>\n\n\n\n<hr class=\"wp-block-separator has-alpha-channel-opacity\"\/>\n\n\n\n<div class=\"wp-block-columns is-layout-flex wp-container-core-columns-is-layout-9d6595d7 wp-block-columns-is-layout-flex\">\n<div class=\"wp-block-column is-layout-flow wp-block-column-is-layout-flow\" style=\"flex-basis:50%\">\n<figure class=\"wp-block-image size-large\"><img loading=\"lazy\" decoding=\"async\" width=\"662\" height=\"1024\" src=\"https:\/\/nowa.mogielnica.pl\/wp-content\/uploads\/2024\/10\/20241030_073545-662x1024.jpg\" alt=\"\" class=\"wp-image-2927\" srcset=\"https:\/\/nowa.mogielnica.pl\/wp-content\/uploads\/2024\/10\/20241030_073545-662x1024.jpg 662w, https:\/\/nowa.mogielnica.pl\/wp-content\/uploads\/2024\/10\/20241030_073545-194x300.jpg 194w, https:\/\/nowa.mogielnica.pl\/wp-content\/uploads\/2024\/10\/20241030_073545-768x1189.jpg 768w, https:\/\/nowa.mogielnica.pl\/wp-content\/uploads\/2024\/10\/20241030_073545-992x1536.jpg 992w, https:\/\/nowa.mogielnica.pl\/wp-content\/uploads\/2024\/10\/20241030_073545-1323x2048.jpg 1323w, https:\/\/nowa.mogielnica.pl\/wp-content\/uploads\/2024\/10\/20241030_073545-scaled.jpg 1654w\" sizes=\"auto, (max-width: 662px) 100vw, 662px\" \/><\/figure>\n<\/div>\n\n\n\n<div class=\"wp-block-column is-layout-flow wp-block-column-is-layout-flow\" style=\"flex-basis:50%\">\n<p><\/p>\n\n\n\n<h2 class=\"wp-block-heading\">10 Randek w ciemno &#8211; Ashley Elston<\/h2>\n\n\n\n<p>Na rodzin\u0119 zawsze mo\u017cesz liczy\u0107. Nawet je\u015bli nie masz na to ochoty!<\/p>\n\n\n\n<p><\/p>\n\n\n\n<p><br>Sophie ma z\u0142amane serce. Jej zwi\u0105zek z Griffinem niespodziewanie si\u0119 zako\u0144czy\u0142 i zamiast romantycznego sam na sam z ukochanym, czekaj\u0105 j\u0105 \u015bwi\u0119ta u dziadk\u00f3w w towarzystwie \u017cywio\u0142owej rodziny. Babcia dziewczyny wpada na nietypowy pomys\u0142, jak pocieszy\u0107 wnuczk\u0119. W kolejnych dniach krewni Sophie organizuj\u0105 jej dziesi\u0119\u0107 randek w ciemno! Brzmi koszmarnie, prawda?<\/p>\n\n\n\n<p>lubimyczytac.pl  &#8211; Poleca.<\/p>\n<\/div>\n<\/div>\n\n\n\n<hr class=\"wp-block-separator has-alpha-channel-opacity\"\/>\n\n\n\n<div class=\"wp-block-columns is-layout-flex wp-container-core-columns-is-layout-9d6595d7 wp-block-columns-is-layout-flex\">\n<div class=\"wp-block-column is-layout-flow wp-block-column-is-layout-flow\" style=\"flex-basis:50%\">\n<figure class=\"wp-block-image size-large\"><img loading=\"lazy\" decoding=\"async\" width=\"639\" height=\"1024\" src=\"https:\/\/nowa.mogielnica.pl\/wp-content\/uploads\/2024\/10\/most-do-639x1024.jpg\" alt=\"\" class=\"wp-image-2913\" srcset=\"https:\/\/nowa.mogielnica.pl\/wp-content\/uploads\/2024\/10\/most-do-639x1024.jpg 639w, https:\/\/nowa.mogielnica.pl\/wp-content\/uploads\/2024\/10\/most-do-187x300.jpg 187w, https:\/\/nowa.mogielnica.pl\/wp-content\/uploads\/2024\/10\/most-do-768x1231.jpg 768w, https:\/\/nowa.mogielnica.pl\/wp-content\/uploads\/2024\/10\/most-do-958x1536.jpg 958w, https:\/\/nowa.mogielnica.pl\/wp-content\/uploads\/2024\/10\/most-do-1278x2048.jpg 1278w, https:\/\/nowa.mogielnica.pl\/wp-content\/uploads\/2024\/10\/most-do-scaled.jpg 1597w\" sizes=\"auto, (max-width: 639px) 100vw, 639px\" \/><\/figure>\n<\/div>\n\n\n\n<div class=\"wp-block-column is-layout-flow wp-block-column-is-layout-flow\" style=\"flex-basis:50%\">\n<p><\/p>\n\n\n\n<h2 class=\"wp-block-heading\">Most do Terabithii &#8211; Katherine Paterson<\/h2>\n\n\n\n<p class=\"has-small-font-size\">Terabithia to sekretna kraina, do kt\u00f3rej mo\u017cna dosta\u0107 si\u0119 jedynie za pomoc\u0105 zaczarowanej liny zawieszonej dawno temu na drzewie rosn\u0105cym na brzegu rzeki. W\u0142adcami tej twierdzy w \u015brodku lasu s\u0105 Jess i Leslie. Terabithia jest ich tajemnic\u0105. Strzeg\u0105 jej i walcz\u0105 o ni\u0105. Jednak pewnego dnia wydarzy si\u0119 co\u015b, co wszystko zmieni\u2026<br><br>Na podstawie \u201eMostu do Terabithii\u201d powsta\u0142 film, zrealizowany przez producent\u00f3w \u201eOpowie\u015bci z Narnii\u201d, do kt\u00f3rego zdj\u0119cia kr\u0119cono w Nowej Zelandii, a fascynuj\u0105cy \u015bwiat Terabithii o\u017cywili monta\u017cy\u015bci \u201eW\u0142adcy Pier\u015bcieni\u201d.<br><br><em>Katherine Paterson stworzy\u0142a niezapomnian\u0105 ksi\u0105\u017ck\u0119 o przyja\u017ani i pot\u0119dze wyobra\u017ani, o odwadze i walce o swoje miejsce w \u015bwiecie, o prze\u0142amywaniu barier i o byciu sob\u0105!<\/em><\/p>\n\n\n\n<p class=\"has-small-font-size\"><strong>Powy\u017cszy opis pochodzi od wydawcy.<\/strong><\/p>\n<\/div>\n<\/div>\n\n\n\n<hr class=\"wp-block-separator has-alpha-channel-opacity\"\/>\n\n\n\n<div class=\"wp-block-columns is-layout-flex wp-container-core-columns-is-layout-9d6595d7 wp-block-columns-is-layout-flex\">\n<div class=\"wp-block-column is-layout-flow wp-block-column-is-layout-flow\" style=\"flex-basis:50%\">\n<figure class=\"wp-block-gallery has-nested-images columns-default is-cropped wp-block-gallery-2 is-layout-flex wp-block-gallery-is-layout-flex\">\n<figure class=\"wp-block-image size-large\"><img loading=\"lazy\" decoding=\"async\" width=\"200\" height=\"306\" data-id=\"2890\" src=\"https:\/\/nowa.mogielnica.pl\/wp-content\/uploads\/2024\/10\/sila-kobiet-1.webp\" alt=\"\" class=\"wp-image-2890\" srcset=\"https:\/\/nowa.mogielnica.pl\/wp-content\/uploads\/2024\/10\/sila-kobiet-1.webp 200w, https:\/\/nowa.mogielnica.pl\/wp-content\/uploads\/2024\/10\/sila-kobiet-1-196x300.webp 196w\" sizes=\"auto, (max-width: 200px) 100vw, 200px\" \/><\/figure>\n<\/figure>\n<\/div>\n\n\n\n<div class=\"wp-block-column is-layout-flow wp-block-column-is-layout-flow\" style=\"flex-basis:50%\">\n<h2 class=\"wp-block-heading\">Si\u0142a kobiet &#8211; Barbara Wysocza\u0144ska<\/h2>\n\n\n\n<p><\/p>\n\n\n\n<p class=\"has-small-font-size\">Genialna powie\u015b\u0107 i wielkiej mi\u0142o\u015bci, determinacji i odwadze. <\/p>\n\n\n\n<p class=\"has-small-font-size\">Rozalia Lubowidzka, m\u0142oda wdowa, pr\u00f3buje odbudowa\u0107 swoje \u017cycie po ma\u0142\u017ce\u0144stwie, kt\u00f3re by\u0142o dla niej piek\u0142em. W ca\u0142ym ambarasie jest kochanka m\u0119\u017ca i jej chora c\u00f3rka&#8230; Inny w\u0105tek tyczy si\u0119 Ady Lubowidzkiej, kt\u00f3ra pragnie zawalczy\u0107 o wy\u017csze wykszta\u0142cenie. A wszystkie trzy kobiety \u0142\u0105czy &#8211; Ignacy Lubowidzki, pose\u0142 na sejm II Rzeczpospolitej. Bezinteresowna przyja\u017a\u0144?  Mur uprzedze\u0144, konserwatyzm i przedwojenna Polska, co przetrwa, a co runie&#8230;<\/p>\n\n\n\n<p><sup>Ksi\u0105\u017cka dost\u0119pna na <a href=\"https:\/\/www.legimi.pl\/\">https:\/\/www.legimi.pl\/<\/a>  r\u00f3wnie\u017c jako audiobook &#8211; zapraszamy do biblioteki po kod <a href=\"https:\/\/nowa.mogielnica.pl\/?p=349\">https:\/\/nowa.mogielnica.pl\/?p=349<\/a><\/sup><\/p>\n<\/div>\n<\/div>\n\n\n\n<hr class=\"wp-block-separator has-alpha-channel-opacity\"\/>\n\n\n\n<div class=\"wp-block-media-text is-stacked-on-mobile\"><figure class=\"wp-block-media-text__media\"><img loading=\"lazy\" decoding=\"async\" width=\"646\" height=\"1024\" src=\"https:\/\/nowa.mogielnica.pl\/wp-content\/uploads\/2024\/10\/20241024_145013-4.jpg\" alt=\"\" class=\"wp-image-2433 size-full\" srcset=\"https:\/\/nowa.mogielnica.pl\/wp-content\/uploads\/2024\/10\/20241024_145013-4.jpg 646w, https:\/\/nowa.mogielnica.pl\/wp-content\/uploads\/2024\/10\/20241024_145013-4-189x300.jpg 189w\" sizes=\"auto, (max-width: 646px) 100vw, 646px\" \/><\/figure><div class=\"wp-block-media-text__content\">\n<h2 class=\"wp-block-heading has-medium-font-size\"><strong>It ends with us &#8211; Colleen Hoover <\/strong><\/h2>\n\n\n\n<p class=\"has-small-font-size\">Czasem te osoby, kt\u00f3re najmocniej nas kochaj\u0105, potrafi\u0105 te\u017c najmocniej rani\u0107. Lily Bloom to pasjonatka, kt\u00f3ra podj\u0119\u0142a decyzj\u0119 o otworzeniu kwiaciarni, nietypowej, bo dla os\u00f3b, kt\u00f3re&#8230; nie lubi\u0105 kwiat\u00f3w! Pewnego dnia pozna\u0142a Jego. Przystojny lekarz &#8211; Ryle Kincaid zawirowa\u0142 jej \u017cyciem, zafascynowa\u0142 j\u0105 z wzajemno\u015bci\u0105&#8230; <br>Jednak\u017ce, jak to m\u00f3wi\u0105 &#8211; zbyt pi\u0119kne, by mog\u0142o by\u0107 prawdziwe. By\u0142o idealnie, a jednak co\u015b kry\u0142o si\u0119 pod t\u0105 pi\u0119kn\u0105 ok\u0142adk\u0105. A kto widzi najlepiej to, czego ty nie umiesz dostrzec? Tw\u00f3j najlepszy przyjaciel, kt\u00f3rego nie zawsze chcesz w ka\u017cdym przypadku s\u0142ucha\u0107. Nasza odwaga ko\u0144czy si\u0119, gdy mamy zmierzy\u0107 si\u0119 z prawd\u0105. Dlaczego? Bo prawda boli&#8230; Cierpimy przez ni\u0105.<\/p>\n\n\n\n<p class=\"has-small-font-size\">Na podstawie ksi\u0105\u017cki nakr\u0119cono film, pod tym samym tytu\u0142em. Ponad 7 milion\u00f3w sprzedanych egzemplarzy &#8211; <a href=\"https:\/\/lubimyczytac.pl\/ksiazka\/5120498\/it-ends-with-us\">https:\/\/lubimyczytac.pl\/ksiazka\/5120498\/it-ends-with-us<\/a><\/p>\n<\/div><\/div>\n","protected":false},"excerpt":{"rendered":"<div class=\"mh-excerpt\"><p>POLECANA PRZEZ NASZYCH CZYTELNIK\u00d3W Tytu\u0142owa C\u00f3rka Cieni to Juliana, kt\u00f3rej losy poznajemy dzi\u0119ki odnalezionemu pami\u0119tnikowi, z kt\u00f3rego wy\u0142ania si\u0119 wstrz\u0105saj\u0105ca historia jej niezwyk\u0142ych los\u00f3w na tle historii Polski. Przedwojenny zakazany romans, ucieczka w Bieszczady, zetkni\u0119cie <a class=\"mh-excerpt-more\" href=\"https:\/\/nowa.mogielnica.pl\/?p=2422\" title=\"Biblioteczne &#8222;Polecajki&#8221;\">[&#8230;]<\/a><\/p>\n<\/div>","protected":false},"author":4,"featured_media":0,"comment_status":"closed","ping_status":"open","sticky":false,"template":"","format":"standard","meta":{"footnotes":""},"categories":[1],"tags":[],"class_list":{"0":"post-2422","1":"post","2":"type-post","3":"status-publish","4":"format-standard","6":"category-uncategorized"},"_links":{"self":[{"href":"https:\/\/nowa.mogielnica.pl\/index.php?rest_route=\/wp\/v2\/posts\/2422","targetHints":{"allow":["GET"]}}],"collection":[{"href":"https:\/\/nowa.mogielnica.pl\/index.php?rest_route=\/wp\/v2\/posts"}],"about":[{"href":"https:\/\/nowa.mogielnica.pl\/index.php?rest_route=\/wp\/v2\/types\/post"}],"author":[{"embeddable":true,"href":"https:\/\/nowa.mogielnica.pl\/index.php?rest_route=\/wp\/v2\/users\/4"}],"replies":[{"embeddable":true,"href":"https:\/\/nowa.mogielnica.pl\/index.php?rest_route=%2Fwp%2Fv2%2Fcomments&post=2422"}],"version-history":[{"count":57,"href":"https:\/\/nowa.mogielnica.pl\/index.php?rest_route=\/wp\/v2\/posts\/2422\/revisions"}],"predecessor-version":[{"id":7241,"href":"https:\/\/nowa.mogielnica.pl\/index.php?rest_route=\/wp\/v2\/posts\/2422\/revisions\/7241"}],"wp:attachment":[{"href":"https:\/\/nowa.mogielnica.pl\/index.php?rest_route=%2Fwp%2Fv2%2Fmedia&parent=2422"}],"wp:term":[{"taxonomy":"category","embeddable":true,"href":"https:\/\/nowa.mogielnica.pl\/index.php?rest_route=%2Fwp%2Fv2%2Fcategories&post=2422"},{"taxonomy":"post_tag","embeddable":true,"href":"https:\/\/nowa.mogielnica.pl\/index.php?rest_route=%2Fwp%2Fv2%2Ftags&post=2422"}],"curies":[{"name":"wp","href":"https:\/\/api.w.org\/{rel}","templated":true}]}}