{"id":2819,"date":"2024-10-29T12:29:24","date_gmt":"2024-10-29T12:29:24","guid":{"rendered":"https:\/\/nowa.mogielnica.pl\/?p=2819"},"modified":"2024-10-29T12:29:41","modified_gmt":"2024-10-29T12:29:41","slug":"ogloszenie-urzad-regulacji-energetyki","status":"publish","type":"post","link":"https:\/\/nowa.mogielnica.pl\/?p=2819","title":{"rendered":"Og\u0142oszenie Urz\u0105d Regulacji Energetyki"},"content":{"rendered":"\n<p>Od 24 sierpnia br. u najwi\u0119kszych sprzedawc\u00f3w energii elektrycznej pojawi\u0142 si\u0119 nowy rodzaj oferty adresowanej do odbiorc\u00f3w indywidualnych &#8211; umowa z cen\u0105 dynamiczn\u0105.<\/p>\n\n\n\n<p>W zwi\u0105zku z tym, Urz\u0105d Regulacji Energetyki zainicjowa\u0142 og\u00f3lnopolsk\u0105 kampani\u0119 informacyjn\u0105 dotycz\u0105c\u0105 takiej umowy. Jej celem jest edukowanie spo\u0142ecze\u0144stwa oraz zapewnienie dost\u0119pu do rzetelnych informacji, kt\u00f3re pozwol\u0105 konsumentom podejmowa\u0107 \u015bwiadome decyzje dotycz\u0105ce wyboru odpowiedniej dla nich oferty na rynku energii elektrycznej.<\/p>\n\n\n\n<div data-wp-interactive=\"core\/file\" class=\"wp-block-file\"><object data-wp-bind--hidden=\"!state.hasPdfPreview\" hidden class=\"wp-block-file__embed\" data=\"https:\/\/nowa.mogielnica.pl\/wp-content\/uploads\/2024\/10\/Broszura-informacyjna-URE-Rachunki-za-prad.pdf\" type=\"application\/pdf\" style=\"width:100%;height:600px\" aria-label=\"Osadzone z Broszura informacyjna URE - Rachunki za pr\u0105d.\"><\/object><a id=\"wp-block-file--media-47fdaa3b-92e3-444a-90e1-40e16b716cd3\" href=\"https:\/\/nowa.mogielnica.pl\/wp-content\/uploads\/2024\/10\/Broszura-informacyjna-URE-Rachunki-za-prad.pdf\">Broszura informacyjna URE &#8211; Rachunki za pr\u0105d<\/a><a href=\"https:\/\/nowa.mogielnica.pl\/wp-content\/uploads\/2024\/10\/Broszura-informacyjna-URE-Rachunki-za-prad.pdf\" class=\"wp-block-file__button wp-element-button\" download aria-describedby=\"wp-block-file--media-47fdaa3b-92e3-444a-90e1-40e16b716cd3\">Pobierz<\/a><\/div>\n","protected":false},"excerpt":{"rendered":"<div class=\"mh-excerpt\"><p>Od 24 sierpnia br. u najwi\u0119kszych sprzedawc\u00f3w energii elektrycznej pojawi\u0142 si\u0119 nowy rodzaj oferty adresowanej do odbiorc\u00f3w indywidualnych &#8211; umowa z cen\u0105 dynamiczn\u0105. W zwi\u0105zku z tym, Urz\u0105d Regulacji Energetyki zainicjowa\u0142 og\u00f3lnopolsk\u0105 kampani\u0119 informacyjn\u0105 dotycz\u0105c\u0105 <a class=\"mh-excerpt-more\" href=\"https:\/\/nowa.mogielnica.pl\/?p=2819\" title=\"Og\u0142oszenie Urz\u0105d Regulacji Energetyki\">[&#8230;]<\/a><\/p>\n<\/div>","protected":false},"author":1,"featured_media":1069,"comment_status":"closed","ping_status":"open","sticky":false,"template":"","format":"standard","meta":{"footnotes":""},"categories":[3,1],"tags":[],"class_list":{"0":"post-2819","1":"post","2":"type-post","3":"status-publish","4":"format-standard","5":"has-post-thumbnail","7":"category-aktualnosci","8":"category-uncategorized"},"_links":{"self":[{"href":"https:\/\/nowa.mogielnica.pl\/index.php?rest_route=\/wp\/v2\/posts\/2819","targetHints":{"allow":["GET"]}}],"collection":[{"href":"https:\/\/nowa.mogielnica.pl\/index.php?rest_route=\/wp\/v2\/posts"}],"about":[{"href":"https:\/\/nowa.mogielnica.pl\/index.php?rest_route=\/wp\/v2\/types\/post"}],"author":[{"embeddable":true,"href":"https:\/\/nowa.mogielnica.pl\/index.php?rest_route=\/wp\/v2\/users\/1"}],"replies":[{"embeddable":true,"href":"https:\/\/nowa.mogielnica.pl\/index.php?rest_route=%2Fwp%2Fv2%2Fcomments&post=2819"}],"version-history":[{"count":1,"href":"https:\/\/nowa.mogielnica.pl\/index.php?rest_route=\/wp\/v2\/posts\/2819\/revisions"}],"predecessor-version":[{"id":2821,"href":"https:\/\/nowa.mogielnica.pl\/index.php?rest_route=\/wp\/v2\/posts\/2819\/revisions\/2821"}],"wp:featuredmedia":[{"embeddable":true,"href":"https:\/\/nowa.mogielnica.pl\/index.php?rest_route=\/wp\/v2\/media\/1069"}],"wp:attachment":[{"href":"https:\/\/nowa.mogielnica.pl\/index.php?rest_route=%2Fwp%2Fv2%2Fmedia&parent=2819"}],"wp:term":[{"taxonomy":"category","embeddable":true,"href":"https:\/\/nowa.mogielnica.pl\/index.php?rest_route=%2Fwp%2Fv2%2Fcategories&post=2819"},{"taxonomy":"post_tag","embeddable":true,"href":"https:\/\/nowa.mogielnica.pl\/index.php?rest_route=%2Fwp%2Fv2%2Ftags&post=2819"}],"curies":[{"name":"wp","href":"https:\/\/api.w.org\/{rel}","templated":true}]}}