{"id":3664,"date":"2024-12-20T13:36:49","date_gmt":"2024-12-20T13:36:49","guid":{"rendered":"https:\/\/nowa.mogielnica.pl\/?p=3664"},"modified":"2025-01-02T07:11:33","modified_gmt":"2025-01-02T07:11:33","slug":"lekcja-biblioteczna-glosne-czytanie-jest-wazne","status":"publish","type":"post","link":"https:\/\/nowa.mogielnica.pl\/?p=3664","title":{"rendered":"Lekcja biblioteczna &#8211; g\u0142o\u015bne czytanie jest wa\u017cne"},"content":{"rendered":"\n<p>Dzi\u015b odby\u0142a si\u0119 lekcja biblioteczna dla najm\u0142odszych, czyli dzieci ze \u017c\u0142obka&nbsp; z Nibylandii. Skupili\u015bmy si\u0119 na g\u0142o\u015bnym czytaniu. To jedna z wielu naszych przysz\u0142ych inicjatyw promuj\u0105cych czytelnictwo.<\/p>\n\n\n\n<p>Ksi\u0105\u017cka inspiruje, ma swoich wyrazistych bohater\u00f3w i mo\u017ce by\u0107 \u015bwietnym przewodnikiem, a nawet wsparciem w latach szkolnych (i nie tylko).&nbsp;<\/p>\n\n\n\n<p>Pragniemy aby nasza biblioteka sta\u0142a si\u0119 miejscem edukacyjnym, gdzie realizowane b\u0119d\u0105 r\u00f3\u017cne przedsi\u0119wzi\u0119cia o charakterze popularno \u2013 o\u015bwiatowym.&nbsp;<\/p>\n\n\n\n<p><\/p>\n\n\n\n<figure class=\"wp-block-gallery has-nested-images columns-default is-cropped wp-block-gallery-1 is-layout-flex wp-block-gallery-is-layout-flex\">\n<figure class=\"wp-block-image size-large\"><img loading=\"lazy\" decoding=\"async\" width=\"1024\" height=\"683\" data-id=\"3665\" src=\"https:\/\/nowa.mogielnica.pl\/wp-content\/uploads\/2024\/12\/DSC00333.jpg\" alt=\"\" class=\"wp-image-3665\" srcset=\"https:\/\/nowa.mogielnica.pl\/wp-content\/uploads\/2024\/12\/DSC00333.jpg 1024w, https:\/\/nowa.mogielnica.pl\/wp-content\/uploads\/2024\/12\/DSC00333-300x200.jpg 300w, https:\/\/nowa.mogielnica.pl\/wp-content\/uploads\/2024\/12\/DSC00333-768x512.jpg 768w\" sizes=\"auto, (max-width: 1024px) 100vw, 1024px\" \/><\/figure>\n\n\n\n<figure class=\"wp-block-image size-large\"><img loading=\"lazy\" decoding=\"async\" width=\"1024\" height=\"683\" data-id=\"3666\" src=\"https:\/\/nowa.mogielnica.pl\/wp-content\/uploads\/2024\/12\/DSC00341.jpg\" alt=\"\" class=\"wp-image-3666\" srcset=\"https:\/\/nowa.mogielnica.pl\/wp-content\/uploads\/2024\/12\/DSC00341.jpg 1024w, https:\/\/nowa.mogielnica.pl\/wp-content\/uploads\/2024\/12\/DSC00341-300x200.jpg 300w, https:\/\/nowa.mogielnica.pl\/wp-content\/uploads\/2024\/12\/DSC00341-768x512.jpg 768w\" sizes=\"auto, (max-width: 1024px) 100vw, 1024px\" \/><\/figure>\n<\/figure>\n\n\n\n<p><\/p>\n\n\n\n<figure class=\"wp-block-gallery has-nested-images columns-default is-cropped wp-block-gallery-2 is-layout-flex wp-block-gallery-is-layout-flex\">\n<figure class=\"wp-block-image size-large\"><img loading=\"lazy\" decoding=\"async\" width=\"1024\" height=\"683\" data-id=\"3670\" src=\"https:\/\/nowa.mogielnica.pl\/wp-content\/uploads\/2024\/12\/DSC00343.jpg\" alt=\"\" class=\"wp-image-3670\" srcset=\"https:\/\/nowa.mogielnica.pl\/wp-content\/uploads\/2024\/12\/DSC00343.jpg 1024w, https:\/\/nowa.mogielnica.pl\/wp-content\/uploads\/2024\/12\/DSC00343-300x200.jpg 300w, https:\/\/nowa.mogielnica.pl\/wp-content\/uploads\/2024\/12\/DSC00343-768x512.jpg 768w\" sizes=\"auto, (max-width: 1024px) 100vw, 1024px\" \/><\/figure>\n\n\n\n<figure class=\"wp-block-image size-large\"><img loading=\"lazy\" decoding=\"async\" width=\"1024\" height=\"683\" data-id=\"3671\" src=\"https:\/\/nowa.mogielnica.pl\/wp-content\/uploads\/2024\/12\/DSC00344.jpg\" alt=\"\" class=\"wp-image-3671\" srcset=\"https:\/\/nowa.mogielnica.pl\/wp-content\/uploads\/2024\/12\/DSC00344.jpg 1024w, https:\/\/nowa.mogielnica.pl\/wp-content\/uploads\/2024\/12\/DSC00344-300x200.jpg 300w, https:\/\/nowa.mogielnica.pl\/wp-content\/uploads\/2024\/12\/DSC00344-768x512.jpg 768w\" sizes=\"auto, (max-width: 1024px) 100vw, 1024px\" \/><\/figure>\n<\/figure>\n\n\n\n<p><\/p>\n\n\n\n<figure class=\"wp-block-gallery has-nested-images columns-default is-cropped wp-block-gallery-3 is-layout-flex wp-block-gallery-is-layout-flex\">\n<figure class=\"wp-block-image size-large\"><img loading=\"lazy\" decoding=\"async\" width=\"1024\" height=\"683\" data-id=\"3672\" src=\"https:\/\/nowa.mogielnica.pl\/wp-content\/uploads\/2024\/12\/DSC00338.jpg\" alt=\"\" class=\"wp-image-3672\" srcset=\"https:\/\/nowa.mogielnica.pl\/wp-content\/uploads\/2024\/12\/DSC00338.jpg 1024w, https:\/\/nowa.mogielnica.pl\/wp-content\/uploads\/2024\/12\/DSC00338-300x200.jpg 300w, https:\/\/nowa.mogielnica.pl\/wp-content\/uploads\/2024\/12\/DSC00338-768x512.jpg 768w\" sizes=\"auto, (max-width: 1024px) 100vw, 1024px\" \/><\/figure>\n\n\n\n<figure class=\"wp-block-image size-large\"><img loading=\"lazy\" decoding=\"async\" width=\"1024\" height=\"683\" data-id=\"3673\" src=\"https:\/\/nowa.mogielnica.pl\/wp-content\/uploads\/2024\/12\/DSC00351.jpg\" alt=\"\" class=\"wp-image-3673\" srcset=\"https:\/\/nowa.mogielnica.pl\/wp-content\/uploads\/2024\/12\/DSC00351.jpg 1024w, https:\/\/nowa.mogielnica.pl\/wp-content\/uploads\/2024\/12\/DSC00351-300x200.jpg 300w, https:\/\/nowa.mogielnica.pl\/wp-content\/uploads\/2024\/12\/DSC00351-768x512.jpg 768w\" sizes=\"auto, (max-width: 1024px) 100vw, 1024px\" \/><\/figure>\n<\/figure>\n\n\n\n<p><\/p>\n\n\n\n<p><\/p>\n","protected":false},"excerpt":{"rendered":"<div class=\"mh-excerpt\"><p>Dzi\u015b odby\u0142a si\u0119 lekcja biblioteczna dla najm\u0142odszych, czyli dzieci ze \u017c\u0142obka&nbsp; z Nibylandii. Skupili\u015bmy si\u0119 na g\u0142o\u015bnym czytaniu. To jedna z wielu naszych przysz\u0142ych inicjatyw promuj\u0105cych czytelnictwo. Ksi\u0105\u017cka inspiruje, ma swoich wyrazistych bohater\u00f3w i mo\u017ce <a class=\"mh-excerpt-more\" href=\"https:\/\/nowa.mogielnica.pl\/?p=3664\" title=\"Lekcja biblioteczna &#8211; g\u0142o\u015bne czytanie jest wa\u017cne\">[&#8230;]<\/a><\/p>\n<\/div>","protected":false},"author":4,"featured_media":0,"comment_status":"closed","ping_status":"open","sticky":false,"template":"","format":"standard","meta":{"footnotes":""},"categories":[1],"tags":[],"class_list":{"0":"post-3664","1":"post","2":"type-post","3":"status-publish","4":"format-standard","6":"category-uncategorized"},"_links":{"self":[{"href":"https:\/\/nowa.mogielnica.pl\/index.php?rest_route=\/wp\/v2\/posts\/3664","targetHints":{"allow":["GET"]}}],"collection":[{"href":"https:\/\/nowa.mogielnica.pl\/index.php?rest_route=\/wp\/v2\/posts"}],"about":[{"href":"https:\/\/nowa.mogielnica.pl\/index.php?rest_route=\/wp\/v2\/types\/post"}],"author":[{"embeddable":true,"href":"https:\/\/nowa.mogielnica.pl\/index.php?rest_route=\/wp\/v2\/users\/4"}],"replies":[{"embeddable":true,"href":"https:\/\/nowa.mogielnica.pl\/index.php?rest_route=%2Fwp%2Fv2%2Fcomments&post=3664"}],"version-history":[{"count":4,"href":"https:\/\/nowa.mogielnica.pl\/index.php?rest_route=\/wp\/v2\/posts\/3664\/revisions"}],"predecessor-version":[{"id":3678,"href":"https:\/\/nowa.mogielnica.pl\/index.php?rest_route=\/wp\/v2\/posts\/3664\/revisions\/3678"}],"wp:attachment":[{"href":"https:\/\/nowa.mogielnica.pl\/index.php?rest_route=%2Fwp%2Fv2%2Fmedia&parent=3664"}],"wp:term":[{"taxonomy":"category","embeddable":true,"href":"https:\/\/nowa.mogielnica.pl\/index.php?rest_route=%2Fwp%2Fv2%2Fcategories&post=3664"},{"taxonomy":"post_tag","embeddable":true,"href":"https:\/\/nowa.mogielnica.pl\/index.php?rest_route=%2Fwp%2Fv2%2Ftags&post=3664"}],"curies":[{"name":"wp","href":"https:\/\/api.w.org\/{rel}","templated":true}]}}