{"id":4061,"date":"2025-02-12T08:16:13","date_gmt":"2025-02-12T08:16:13","guid":{"rendered":"https:\/\/nowa.mogielnica.pl\/?p=4061"},"modified":"2025-02-12T08:16:14","modified_gmt":"2025-02-12T08:16:14","slug":"ogloszenie-o-rozpoczeciu-konsultacji-spolecznych-dotyczacych-miejscowego-planu-zagospodarowania-przestrzennego","status":"publish","type":"post","link":"https:\/\/nowa.mogielnica.pl\/?p=4061","title":{"rendered":"Og\u0142oszenie o rozpocz\u0119ciu konsultacji spo\u0142ecznych dotycz\u0105cych miejscowego planu zagospodarowania przestrzennego"},"content":{"rendered":"\n<p>dla dzia\u0142ek NR EWID. 1781\/3 OBR\u0118B MOGIELNICA, NR EWID. 47\/2, 49\/2, 420, 421, 422, 353, 354, 355, 356, 357, 358, 359, 360, 361, 362, 363, 364 OBR\u0118B IZABELIN W GMINIE MOGIELNICA<\/p>\n\n\n\n<div data-wp-interactive=\"core\/file\" class=\"wp-block-file\"><object data-wp-bind--hidden=\"!state.hasPdfPreview\" hidden class=\"wp-block-file__embed\" data=\"https:\/\/nowa.mogielnica.pl\/wp-content\/uploads\/2025\/02\/PROGNOZA-ODDZIALYWANIA-NA-SRODOWISKO.pdf\" type=\"application\/pdf\" style=\"width:100%;height:600px\" aria-label=\"Osadzone z PROGNOZA ODDZIALYWANIA NA SRODOWISKO.\"><\/object><a id=\"wp-block-file--media-3c9f4c8f-0526-47be-8d6b-2d38c6880e05\" href=\"https:\/\/nowa.mogielnica.pl\/wp-content\/uploads\/2025\/02\/PROGNOZA-ODDZIALYWANIA-NA-SRODOWISKO.pdf\">PROGNOZA ODDZIALYWANIA NA SRODOWISKO<\/a><a href=\"https:\/\/nowa.mogielnica.pl\/wp-content\/uploads\/2025\/02\/PROGNOZA-ODDZIALYWANIA-NA-SRODOWISKO.pdf\" class=\"wp-block-file__button wp-element-button\" download aria-describedby=\"wp-block-file--media-3c9f4c8f-0526-47be-8d6b-2d38c6880e05\">Pobierz<\/a><\/div>\n\n\n\n<div data-wp-interactive=\"core\/file\" class=\"wp-block-file\"><object data-wp-bind--hidden=\"!state.hasPdfPreview\" hidden class=\"wp-block-file__embed\" data=\"https:\/\/nowa.mogielnica.pl\/wp-content\/uploads\/2025\/02\/RYSUNEK-ZAL-1-PROJEKT-MPZP.pdf\" type=\"application\/pdf\" style=\"width:100%;height:600px\" aria-label=\"Osadzone z RYSUNEK - ZAL 1 - PROJEKT MPZP.\"><\/object><a id=\"wp-block-file--media-76733781-5062-4922-954c-189d94e908f5\" href=\"https:\/\/nowa.mogielnica.pl\/wp-content\/uploads\/2025\/02\/RYSUNEK-ZAL-1-PROJEKT-MPZP.pdf\">RYSUNEK &#8211; ZAL 1 &#8211; PROJEKT MPZP<\/a><a href=\"https:\/\/nowa.mogielnica.pl\/wp-content\/uploads\/2025\/02\/RYSUNEK-ZAL-1-PROJEKT-MPZP.pdf\" class=\"wp-block-file__button wp-element-button\" download aria-describedby=\"wp-block-file--media-76733781-5062-4922-954c-189d94e908f5\">Pobierz<\/a><\/div>\n\n\n\n<div data-wp-interactive=\"core\/file\" class=\"wp-block-file\"><object data-wp-bind--hidden=\"!state.hasPdfPreview\" hidden class=\"wp-block-file__embed\" data=\"https:\/\/nowa.mogielnica.pl\/wp-content\/uploads\/2025\/02\/RYSUNEK-ZAL-2-PROJEKT-MPZP.pdf\" type=\"application\/pdf\" style=\"width:100%;height:600px\" aria-label=\"Osadzone z RYSUNEK - ZAL 2 - PROJEKT MPZP.\"><\/object><a id=\"wp-block-file--media-294a67b8-3d35-4784-8c96-58bbf65b8a51\" href=\"https:\/\/nowa.mogielnica.pl\/wp-content\/uploads\/2025\/02\/RYSUNEK-ZAL-2-PROJEKT-MPZP.pdf\">RYSUNEK &#8211; ZAL 2 &#8211; PROJEKT MPZP<\/a><a href=\"https:\/\/nowa.mogielnica.pl\/wp-content\/uploads\/2025\/02\/RYSUNEK-ZAL-2-PROJEKT-MPZP.pdf\" class=\"wp-block-file__button wp-element-button\" download aria-describedby=\"wp-block-file--media-294a67b8-3d35-4784-8c96-58bbf65b8a51\">Pobierz<\/a><\/div>\n\n\n\n<div data-wp-interactive=\"core\/file\" class=\"wp-block-file\"><object data-wp-bind--hidden=\"!state.hasPdfPreview\" hidden class=\"wp-block-file__embed\" data=\"https:\/\/nowa.mogielnica.pl\/wp-content\/uploads\/2025\/02\/RYSUNEK-ZAL-3-PROJEKT-MPZP.pdf\" type=\"application\/pdf\" style=\"width:100%;height:600px\" aria-label=\"Osadzone z RYSUNEK - ZAL 3 - PROJEKT MPZP.\"><\/object><a id=\"wp-block-file--media-e0cd1b61-6d8a-4ee7-a128-db839e00ac5f\" href=\"https:\/\/nowa.mogielnica.pl\/wp-content\/uploads\/2025\/02\/RYSUNEK-ZAL-3-PROJEKT-MPZP.pdf\">RYSUNEK &#8211; ZAL 3 &#8211; PROJEKT MPZP<\/a><a href=\"https:\/\/nowa.mogielnica.pl\/wp-content\/uploads\/2025\/02\/RYSUNEK-ZAL-3-PROJEKT-MPZP.pdf\" class=\"wp-block-file__button wp-element-button\" download aria-describedby=\"wp-block-file--media-e0cd1b61-6d8a-4ee7-a128-db839e00ac5f\">Pobierz<\/a><\/div>\n\n\n\n<div data-wp-interactive=\"core\/file\" class=\"wp-block-file\"><object data-wp-bind--hidden=\"!state.hasPdfPreview\" hidden class=\"wp-block-file__embed\" data=\"https:\/\/nowa.mogielnica.pl\/wp-content\/uploads\/2025\/02\/Ogloszenie-o-konsultacjach-spolecznyh-mpzp-Mogielnica-Izabelin.pdf\" type=\"application\/pdf\" style=\"width:100%;height:600px\" aria-label=\"Osadzone z Og\u0142oszenie o konsultacjach spo\u0142ecznyh mpzp Mogielnica Izabelin.\"><\/object><a id=\"wp-block-file--media-1229e0dc-2823-43e8-8ed0-a444879e5eca\" href=\"https:\/\/nowa.mogielnica.pl\/wp-content\/uploads\/2025\/02\/Ogloszenie-o-konsultacjach-spolecznyh-mpzp-Mogielnica-Izabelin.pdf\">Og\u0142oszenie o konsultacjach spo\u0142ecznyh mpzp Mogielnica Izabelin<\/a><a href=\"https:\/\/nowa.mogielnica.pl\/wp-content\/uploads\/2025\/02\/Ogloszenie-o-konsultacjach-spolecznyh-mpzp-Mogielnica-Izabelin.pdf\" class=\"wp-block-file__button wp-element-button\" download aria-describedby=\"wp-block-file--media-1229e0dc-2823-43e8-8ed0-a444879e5eca\">Pobierz<\/a><\/div>\n\n\n\n<div class=\"wp-block-file\"><a id=\"wp-block-file--media-2889fd62-14af-4541-8b16-2035de784065\" href=\"https:\/\/nowa.mogielnica.pl\/wp-content\/uploads\/2025\/02\/TEKST-PROJEKT-MPZP.doc\">TEKST &#8211; PROJEKT MPZP<\/a><a href=\"https:\/\/nowa.mogielnica.pl\/wp-content\/uploads\/2025\/02\/TEKST-PROJEKT-MPZP.doc\" class=\"wp-block-file__button wp-element-button\" download aria-describedby=\"wp-block-file--media-2889fd62-14af-4541-8b16-2035de784065\">Pobierz<\/a><\/div>\n","protected":false},"excerpt":{"rendered":"<div class=\"mh-excerpt\"><p>dla dzia\u0142ek NR EWID. 1781\/3 OBR\u0118B MOGIELNICA, NR EWID. 47\/2, 49\/2, 420, 421, 422, 353, 354, 355, 356, 357, 358, 359, 360, 361, 362, 363, 364 OBR\u0118B IZABELIN W GMINIE MOGIELNICA<\/p>\n<\/div>","protected":false},"author":1,"featured_media":1072,"comment_status":"closed","ping_status":"open","sticky":false,"template":"","format":"standard","meta":{"footnotes":""},"categories":[3],"tags":[],"class_list":{"0":"post-4061","1":"post","2":"type-post","3":"status-publish","4":"format-standard","5":"has-post-thumbnail","7":"category-aktualnosci"},"_links":{"self":[{"href":"https:\/\/nowa.mogielnica.pl\/index.php?rest_route=\/wp\/v2\/posts\/4061","targetHints":{"allow":["GET"]}}],"collection":[{"href":"https:\/\/nowa.mogielnica.pl\/index.php?rest_route=\/wp\/v2\/posts"}],"about":[{"href":"https:\/\/nowa.mogielnica.pl\/index.php?rest_route=\/wp\/v2\/types\/post"}],"author":[{"embeddable":true,"href":"https:\/\/nowa.mogielnica.pl\/index.php?rest_route=\/wp\/v2\/users\/1"}],"replies":[{"embeddable":true,"href":"https:\/\/nowa.mogielnica.pl\/index.php?rest_route=%2Fwp%2Fv2%2Fcomments&post=4061"}],"version-history":[{"count":1,"href":"https:\/\/nowa.mogielnica.pl\/index.php?rest_route=\/wp\/v2\/posts\/4061\/revisions"}],"predecessor-version":[{"id":4068,"href":"https:\/\/nowa.mogielnica.pl\/index.php?rest_route=\/wp\/v2\/posts\/4061\/revisions\/4068"}],"wp:featuredmedia":[{"embeddable":true,"href":"https:\/\/nowa.mogielnica.pl\/index.php?rest_route=\/wp\/v2\/media\/1072"}],"wp:attachment":[{"href":"https:\/\/nowa.mogielnica.pl\/index.php?rest_route=%2Fwp%2Fv2%2Fmedia&parent=4061"}],"wp:term":[{"taxonomy":"category","embeddable":true,"href":"https:\/\/nowa.mogielnica.pl\/index.php?rest_route=%2Fwp%2Fv2%2Fcategories&post=4061"},{"taxonomy":"post_tag","embeddable":true,"href":"https:\/\/nowa.mogielnica.pl\/index.php?rest_route=%2Fwp%2Fv2%2Ftags&post=4061"}],"curies":[{"name":"wp","href":"https:\/\/api.w.org\/{rel}","templated":true}]}}