{"id":5195,"date":"2025-04-10T10:44:24","date_gmt":"2025-04-10T10:44:24","guid":{"rendered":"https:\/\/nowa.mogielnica.pl\/?p=5195"},"modified":"2025-04-11T11:27:28","modified_gmt":"2025-04-11T11:27:28","slug":"umowa-na-budowe-drogi-otalazka-jastrzebia-stara-podpisana","status":"publish","type":"post","link":"https:\/\/nowa.mogielnica.pl\/?p=5195","title":{"rendered":"Umowa na budow\u0119 drogi Otal\u0105\u017cka \u2013 Jastrz\u0119bia Stara podpisana"},"content":{"rendered":"\n<p>W czwartek 10 kwietnia Burmistrz Mogielnicy Robert Lipiec podpisa\u0142 umow\u0119 z wykonawc\u0105 rob\u00f3t drogowych, wy\u0142onionym w przetargu, firm\u0105 STAR \u2013 BUDOWA INWESTYCJE z Tychowa Starego. <\/p>\n\n\n\n<figure class=\"wp-block-image size-large\"><img loading=\"lazy\" decoding=\"async\" width=\"1024\" height=\"673\" src=\"https:\/\/nowa.mogielnica.pl\/wp-content\/uploads\/2025\/04\/DSC04589-1-1024x673.jpg\" alt=\"\" class=\"wp-image-5198\" srcset=\"https:\/\/nowa.mogielnica.pl\/wp-content\/uploads\/2025\/04\/DSC04589-1-1024x673.jpg 1024w, https:\/\/nowa.mogielnica.pl\/wp-content\/uploads\/2025\/04\/DSC04589-1-300x197.jpg 300w, https:\/\/nowa.mogielnica.pl\/wp-content\/uploads\/2025\/04\/DSC04589-1-768x505.jpg 768w, https:\/\/nowa.mogielnica.pl\/wp-content\/uploads\/2025\/04\/DSC04589-1-1536x1010.jpg 1536w, https:\/\/nowa.mogielnica.pl\/wp-content\/uploads\/2025\/04\/DSC04589-1-2048x1346.jpg 2048w\" sizes=\"auto, (max-width: 1024px) 100vw, 1024px\" \/><\/figure>\n\n\n\n<p>Droga Otal\u0105\u017cka-Jastrz\u0119bia sk\u0142ada si\u0119 z trzech odcink\u00f3w, o \u0142\u0105cznej d\u0142ugo\u015bci 2,57 km. Dziel\u0105 one tereny nale\u017c\u0105ce do Las\u00f3w Pa\u0144stwowych. <\/p>\n\n\n\n<figure class=\"wp-block-image size-large is-resized\"><img loading=\"lazy\" decoding=\"async\" width=\"683\" height=\"1024\" src=\"https:\/\/nowa.mogielnica.pl\/wp-content\/uploads\/2025\/04\/DSC04575-683x1024.jpg\" alt=\"\" class=\"wp-image-5199\" style=\"width:309px;height:auto\" srcset=\"https:\/\/nowa.mogielnica.pl\/wp-content\/uploads\/2025\/04\/DSC04575-683x1024.jpg 683w, https:\/\/nowa.mogielnica.pl\/wp-content\/uploads\/2025\/04\/DSC04575-200x300.jpg 200w, https:\/\/nowa.mogielnica.pl\/wp-content\/uploads\/2025\/04\/DSC04575-768x1152.jpg 768w, https:\/\/nowa.mogielnica.pl\/wp-content\/uploads\/2025\/04\/DSC04575-1024x1536.jpg 1024w, https:\/\/nowa.mogielnica.pl\/wp-content\/uploads\/2025\/04\/DSC04575-1365x2048.jpg 1365w, https:\/\/nowa.mogielnica.pl\/wp-content\/uploads\/2025\/04\/DSC04575-scaled.jpg 1707w\" sizes=\"auto, (max-width: 683px) 100vw, 683px\" \/><\/figure>\n\n\n\n<p>W ramach inwestycji wykonana zostanie bitumiczna nawierzchnia drogi o szeroko\u015bci 5,00 m i obustronnych poboczach o szeroko\u015bci ka\u017cde 0,75 m. <\/p>\n\n\n\n<p>Inwestycja jest w 60% dofinansowana ze \u015brodk\u00f3w samorz\u0105du wojew\u00f3dztwa mazowieckiego. <\/p>\n\n\n\n<p>Wykonawca zobowi\u0105za\u0142 si\u0119 do rozpocz\u0119cia rob\u00f3t jeszcze w m. kwietniu b.r.<\/p>\n\n\n\n<p><strong>Termin\u00a0wykonania\u00a0to\u00a0koniec\u00a0pa\u017adziernika\u00a02025\u00a0r.<\/strong><\/p>\n\n\n\n<figure class=\"wp-block-image size-full\"><img loading=\"lazy\" decoding=\"async\" width=\"768\" height=\"543\" src=\"https:\/\/nowa.mogielnica.pl\/wp-content\/uploads\/2025\/04\/Tablica-informacyjna-90x70-1-768x543-2.jpg\" alt=\"\" class=\"wp-image-5202\" srcset=\"https:\/\/nowa.mogielnica.pl\/wp-content\/uploads\/2025\/04\/Tablica-informacyjna-90x70-1-768x543-2.jpg 768w, https:\/\/nowa.mogielnica.pl\/wp-content\/uploads\/2025\/04\/Tablica-informacyjna-90x70-1-768x543-2-300x212.jpg 300w\" sizes=\"auto, (max-width: 768px) 100vw, 768px\" \/><\/figure>\n","protected":false},"excerpt":{"rendered":"<div class=\"mh-excerpt\"><p>W czwartek 10 kwietnia Burmistrz Mogielnicy Robert Lipiec podpisa\u0142 umow\u0119 z wykonawc\u0105 rob\u00f3t drogowych, wy\u0142onionym w przetargu, firm\u0105 STAR \u2013 BUDOWA INWESTYCJE z Tychowa Starego. Droga Otal\u0105\u017cka-Jastrz\u0119bia sk\u0142ada si\u0119 z trzech odcink\u00f3w, o \u0142\u0105cznej d\u0142ugo\u015bci <a class=\"mh-excerpt-more\" href=\"https:\/\/nowa.mogielnica.pl\/?p=5195\" title=\"Umowa na budow\u0119 drogi Otal\u0105\u017cka \u2013 Jastrz\u0119bia Stara podpisana\">[&#8230;]<\/a><\/p>\n<\/div>","protected":false},"author":1,"featured_media":5196,"comment_status":"closed","ping_status":"open","sticky":false,"template":"","format":"standard","meta":{"footnotes":""},"categories":[3],"tags":[],"class_list":{"0":"post-5195","1":"post","2":"type-post","3":"status-publish","4":"format-standard","5":"has-post-thumbnail","7":"category-aktualnosci"},"_links":{"self":[{"href":"https:\/\/nowa.mogielnica.pl\/index.php?rest_route=\/wp\/v2\/posts\/5195","targetHints":{"allow":["GET"]}}],"collection":[{"href":"https:\/\/nowa.mogielnica.pl\/index.php?rest_route=\/wp\/v2\/posts"}],"about":[{"href":"https:\/\/nowa.mogielnica.pl\/index.php?rest_route=\/wp\/v2\/types\/post"}],"author":[{"embeddable":true,"href":"https:\/\/nowa.mogielnica.pl\/index.php?rest_route=\/wp\/v2\/users\/1"}],"replies":[{"embeddable":true,"href":"https:\/\/nowa.mogielnica.pl\/index.php?rest_route=%2Fwp%2Fv2%2Fcomments&post=5195"}],"version-history":[{"count":5,"href":"https:\/\/nowa.mogielnica.pl\/index.php?rest_route=\/wp\/v2\/posts\/5195\/revisions"}],"predecessor-version":[{"id":5218,"href":"https:\/\/nowa.mogielnica.pl\/index.php?rest_route=\/wp\/v2\/posts\/5195\/revisions\/5218"}],"wp:featuredmedia":[{"embeddable":true,"href":"https:\/\/nowa.mogielnica.pl\/index.php?rest_route=\/wp\/v2\/media\/5196"}],"wp:attachment":[{"href":"https:\/\/nowa.mogielnica.pl\/index.php?rest_route=%2Fwp%2Fv2%2Fmedia&parent=5195"}],"wp:term":[{"taxonomy":"category","embeddable":true,"href":"https:\/\/nowa.mogielnica.pl\/index.php?rest_route=%2Fwp%2Fv2%2Fcategories&post=5195"},{"taxonomy":"post_tag","embeddable":true,"href":"https:\/\/nowa.mogielnica.pl\/index.php?rest_route=%2Fwp%2Fv2%2Ftags&post=5195"}],"curies":[{"name":"wp","href":"https:\/\/api.w.org\/{rel}","templated":true}]}}