{"id":5211,"date":"2025-04-11T11:15:14","date_gmt":"2025-04-11T11:15:14","guid":{"rendered":"https:\/\/nowa.mogielnica.pl\/?p=5211"},"modified":"2025-04-11T11:15:15","modified_gmt":"2025-04-11T11:15:15","slug":"z-radia-do-mogielnicy-jest-dobrze-tomasz-olbratowski-i-przemyslaw-skowron-zapraszaja","status":"publish","type":"post","link":"https:\/\/nowa.mogielnica.pl\/?p=5211","title":{"rendered":"Z radia do Mogielnicy. JEST DOBRZE. Tomasz Olbratowski i Przemys\u0142aw Skowron zapraszaj\u0105."},"content":{"rendered":"\n<p>Do Mogielnicy przyjad\u0105 mikrofoniarze, radiowcy, standuperzy &#8211; w nowym programie: JEST DOBRZE.\u00a0<\/p>\n\n\n\n<p>S\u0105 bez cenzury, niegrzeczni, niewypikani. M\u00f3wi\u0105 to, czego na antenie nie wypada. Udowodnili ju\u017c, \u017ce scena jest ich drugim domem i drug\u0105 matk\u0105.&nbsp;<br>Teraz szukaj\u0105 ojca. &#8222;Tato, jeste\u015b tu?&#8221; &#8211; zdaj\u0105 si\u0119 pyta\u0107. Codziennie 9 milion\u00f3w dobrych ludzi s\u0142ucha ich w radiu. Jeszcze wi\u0119cej ogl\u0105da ich na scenie. B\u0105d\u017a jednym z nich. Urodzili si\u0119 z mikrofonem i z mikrofonem umr\u0105 &#8211; zobacz to! JEST DOBRZE. Tomasz Olbratowski i Przemys\u0142aw Skowron zapraszaj\u0105.<\/p>\n\n\n\n<figure class=\"wp-block-image size-large\"><img loading=\"lazy\" decoding=\"async\" width=\"724\" height=\"1024\" src=\"https:\/\/nowa.mogielnica.pl\/wp-content\/uploads\/2025\/04\/RADIOWCY-oficjalny-plakat-724x1024.png\" alt=\"\" class=\"wp-image-5212\" srcset=\"https:\/\/nowa.mogielnica.pl\/wp-content\/uploads\/2025\/04\/RADIOWCY-oficjalny-plakat-724x1024.png 724w, https:\/\/nowa.mogielnica.pl\/wp-content\/uploads\/2025\/04\/RADIOWCY-oficjalny-plakat-212x300.png 212w, https:\/\/nowa.mogielnica.pl\/wp-content\/uploads\/2025\/04\/RADIOWCY-oficjalny-plakat-768x1086.png 768w, https:\/\/nowa.mogielnica.pl\/wp-content\/uploads\/2025\/04\/RADIOWCY-oficjalny-plakat-1086x1536.png 1086w, https:\/\/nowa.mogielnica.pl\/wp-content\/uploads\/2025\/04\/RADIOWCY-oficjalny-plakat-1448x2048.png 1448w, https:\/\/nowa.mogielnica.pl\/wp-content\/uploads\/2025\/04\/RADIOWCY-oficjalny-plakat.png 1768w\" sizes=\"auto, (max-width: 724px) 100vw, 724px\" \/><\/figure>\n","protected":false},"excerpt":{"rendered":"<div class=\"mh-excerpt\"><p>Do Mogielnicy przyjad\u0105 mikrofoniarze, radiowcy, standuperzy &#8211; w nowym programie: JEST DOBRZE.\u00a0 S\u0105 bez cenzury, niegrzeczni, niewypikani. M\u00f3wi\u0105 to, czego na antenie nie wypada. Udowodnili ju\u017c, \u017ce scena jest ich drugim domem i drug\u0105 matk\u0105.&nbsp;Teraz <a class=\"mh-excerpt-more\" href=\"https:\/\/nowa.mogielnica.pl\/?p=5211\" title=\"Z radia do Mogielnicy. JEST DOBRZE. Tomasz Olbratowski i Przemys\u0142aw Skowron zapraszaj\u0105.\">[&#8230;]<\/a><\/p>\n<\/div>","protected":false},"author":1,"featured_media":5213,"comment_status":"closed","ping_status":"open","sticky":false,"template":"","format":"standard","meta":{"footnotes":""},"categories":[5],"tags":[],"class_list":{"0":"post-5211","1":"post","2":"type-post","3":"status-publish","4":"format-standard","5":"has-post-thumbnail","7":"category-5"},"_links":{"self":[{"href":"https:\/\/nowa.mogielnica.pl\/index.php?rest_route=\/wp\/v2\/posts\/5211","targetHints":{"allow":["GET"]}}],"collection":[{"href":"https:\/\/nowa.mogielnica.pl\/index.php?rest_route=\/wp\/v2\/posts"}],"about":[{"href":"https:\/\/nowa.mogielnica.pl\/index.php?rest_route=\/wp\/v2\/types\/post"}],"author":[{"embeddable":true,"href":"https:\/\/nowa.mogielnica.pl\/index.php?rest_route=\/wp\/v2\/users\/1"}],"replies":[{"embeddable":true,"href":"https:\/\/nowa.mogielnica.pl\/index.php?rest_route=%2Fwp%2Fv2%2Fcomments&post=5211"}],"version-history":[{"count":1,"href":"https:\/\/nowa.mogielnica.pl\/index.php?rest_route=\/wp\/v2\/posts\/5211\/revisions"}],"predecessor-version":[{"id":5214,"href":"https:\/\/nowa.mogielnica.pl\/index.php?rest_route=\/wp\/v2\/posts\/5211\/revisions\/5214"}],"wp:featuredmedia":[{"embeddable":true,"href":"https:\/\/nowa.mogielnica.pl\/index.php?rest_route=\/wp\/v2\/media\/5213"}],"wp:attachment":[{"href":"https:\/\/nowa.mogielnica.pl\/index.php?rest_route=%2Fwp%2Fv2%2Fmedia&parent=5211"}],"wp:term":[{"taxonomy":"category","embeddable":true,"href":"https:\/\/nowa.mogielnica.pl\/index.php?rest_route=%2Fwp%2Fv2%2Fcategories&post=5211"},{"taxonomy":"post_tag","embeddable":true,"href":"https:\/\/nowa.mogielnica.pl\/index.php?rest_route=%2Fwp%2Fv2%2Ftags&post=5211"}],"curies":[{"name":"wp","href":"https:\/\/api.w.org\/{rel}","templated":true}]}}