{"id":6757,"date":"2025-04-17T08:04:00","date_gmt":"2025-04-17T08:04:00","guid":{"rendered":"https:\/\/nowa.mogielnica.pl\/?p=6757"},"modified":"2026-04-16T10:46:50","modified_gmt":"2026-04-16T10:46:50","slug":"gminna-komisja-rozwiazywania-problemow-alkoholowych-w-mogielnicy","status":"publish","type":"post","link":"https:\/\/nowa.mogielnica.pl\/?p=6757","title":{"rendered":"Gminna Komisja Rozwi\u0105zywania Problem\u00f3w Alkoholowych w Mogielnicy"},"content":{"rendered":"\n<figure class=\"wp-block-image size-large\"><img loading=\"lazy\" decoding=\"async\" width=\"1024\" height=\"314\" src=\"https:\/\/nowa.mogielnica.pl\/wp-content\/uploads\/2025\/06\/Bez-tytulu-1024x314.png\" alt=\"\" class=\"wp-image-6756\" srcset=\"https:\/\/nowa.mogielnica.pl\/wp-content\/uploads\/2025\/06\/Bez-tytulu-1024x314.png 1024w, https:\/\/nowa.mogielnica.pl\/wp-content\/uploads\/2025\/06\/Bez-tytulu-300x92.png 300w, https:\/\/nowa.mogielnica.pl\/wp-content\/uploads\/2025\/06\/Bez-tytulu-768x235.png 768w, https:\/\/nowa.mogielnica.pl\/wp-content\/uploads\/2025\/06\/Bez-tytulu-1536x470.png 1536w, https:\/\/nowa.mogielnica.pl\/wp-content\/uploads\/2025\/06\/Bez-tytulu.png 1767w\" sizes=\"auto, (max-width: 1024px) 100vw, 1024px\" \/><\/figure>\n\n\n\n<p><strong>TERMINY POSIEDZE\u0143:<\/strong><\/p>\n\n\n\n<p><strong>wrzesie\u0144 &#8211; czerwiec:<\/strong> czwartek godz. 16.00 budynek Urz\u0119du Gminy i Miasta w Mogielnicy, ul. Rynek 1<\/p>\n\n\n\n<p><strong>lipiec &#8211; sierpie\u0144:<\/strong> wtorek godz. 15.30 budynek Urz\u0119du Gminy i Miasta w Mogielnicy, ul. Rynek 1<\/p>\n\n\n\n<p>Dni i godziny posiedzenia GKRPA mog\u0105 ulec zmianie ze wzgl\u0119du na obowi\u0105zki s\u0142u\u017cbowe wykonywane przez cz\u0142onk\u00f3w GKRPA. <\/p>\n\n\n\n<p><strong>GKRPA w Mogielnicy<\/strong> informuje, i\u017c od wrze\u015bnia 2025r w porozumieniu z SPZOZ ul. Dziarnowska 40 w Mogielnicy, uruchamia nieodp\u0142atn\u0105 pomoc psychologiczn\u0105<\/p>\n\n\n\n<p><br>Godziny przyj\u0119\u0107:<br>Wtorek 15:45 -17:45<br>\u015aroda 16:15 -17.15<br>Pi\u0105tek 16:15 -17.15<\/p>\n\n\n\n<p><br>Zapisy telefonicznie lub osobi\u015bcie:<br>poniedzia\u0142ek &#8211; pi\u0105tek,<br>w godz. 10.30-14.30, pod nr tel. 663277843.<br>Porady psychologiczne prowadzone przez mgr psychologii, Ew\u0119 Chmiel.<\/p>\n\n\n\n<p><\/p>\n\n\n\n<p><strong>SPOTKANIA &#8211; MEETINGI AA GRUPA &#8222;KROKUS&#8221;<\/strong><\/p>\n\n\n\n<p>czwartki godz. 18.00 &#8211; sala w budynku OSP Mogielnica, Plac Po\u015bwi\u0119tne 11 &#8211; wej\u015bcie od strony kwiaciarni<\/p>\n\n\n\n<p><strong>WA\u017bNE TELEFONY I STRONY:<\/strong><\/p>\n\n\n\n<figure class=\"wp-block-image size-full is-resized\"><img loading=\"lazy\" decoding=\"async\" width=\"940\" height=\"788\" src=\"https:\/\/nowa.mogielnica.pl\/wp-content\/uploads\/2025\/04\/492555374_1089134359907514_894624257285022020_n.jpg\" alt=\"\" class=\"wp-image-6765\" style=\"width:624px;height:auto\" srcset=\"https:\/\/nowa.mogielnica.pl\/wp-content\/uploads\/2025\/04\/492555374_1089134359907514_894624257285022020_n.jpg 940w, https:\/\/nowa.mogielnica.pl\/wp-content\/uploads\/2025\/04\/492555374_1089134359907514_894624257285022020_n-300x251.jpg 300w, https:\/\/nowa.mogielnica.pl\/wp-content\/uploads\/2025\/04\/492555374_1089134359907514_894624257285022020_n-768x644.jpg 768w\" sizes=\"auto, (max-width: 940px) 100vw, 940px\" \/><\/figure>\n\n\n\n<p><a href=\"https:\/\/kcpu.gov.pl\/\">Krajowe Centrum Przeciwdzia\u0142ania Uzale\u017cnieniom &#8211; KCPU<\/a><\/p>\n\n\n\n<figure class=\"wp-block-image size-large is-resized\"><a href=\"Krajowe Centrum Przeciwdzia\u0142ania Uzale\u017cnieniom - KCPU\"><img loading=\"lazy\" decoding=\"async\" width=\"1024\" height=\"1024\" src=\"https:\/\/nowa.mogielnica.pl\/wp-content\/uploads\/2025\/06\/297498219_426043066216650_3781084018321332016_n-1024x1024.jpg\" alt=\"\" class=\"wp-image-6758\" style=\"width:277px;height:auto\" srcset=\"https:\/\/nowa.mogielnica.pl\/wp-content\/uploads\/2025\/06\/297498219_426043066216650_3781084018321332016_n-1024x1024.jpg 1024w, https:\/\/nowa.mogielnica.pl\/wp-content\/uploads\/2025\/06\/297498219_426043066216650_3781084018321332016_n-300x300.jpg 300w, https:\/\/nowa.mogielnica.pl\/wp-content\/uploads\/2025\/06\/297498219_426043066216650_3781084018321332016_n-150x150.jpg 150w, https:\/\/nowa.mogielnica.pl\/wp-content\/uploads\/2025\/06\/297498219_426043066216650_3781084018321332016_n-768x768.jpg 768w, https:\/\/nowa.mogielnica.pl\/wp-content\/uploads\/2025\/06\/297498219_426043066216650_3781084018321332016_n.jpg 1500w\" sizes=\"auto, (max-width: 1024px) 100vw, 1024px\" \/><\/a><\/figure>\n\n\n\n<p><a href=\"https:\/\/poradniauzaleznienia.pl\/\">Pomoc dla os\u00f3b u\u017cywaj\u0105cych substancji psychoaktywnych<\/a><\/p>\n\n\n\n<figure class=\"wp-block-image size-full is-resized\"><a href=\"https:\/\/poradniauzaleznienia.pl\/\"><img loading=\"lazy\" decoding=\"async\" width=\"600\" height=\"503\" src=\"https:\/\/nowa.mogielnica.pl\/wp-content\/uploads\/2025\/06\/506533721_1127106376110312_2047588493031506483_n.jpg\" alt=\"\" class=\"wp-image-6759\" style=\"width:269px;height:auto\" srcset=\"https:\/\/nowa.mogielnica.pl\/wp-content\/uploads\/2025\/06\/506533721_1127106376110312_2047588493031506483_n.jpg 600w, https:\/\/nowa.mogielnica.pl\/wp-content\/uploads\/2025\/06\/506533721_1127106376110312_2047588493031506483_n-300x252.jpg 300w\" sizes=\"auto, (max-width: 600px) 100vw, 600px\" \/><\/a><\/figure>\n\n\n\n<p><strong>NIEODP\u0141ATNA POMOC PRAWNA:<\/strong><\/p>\n\n\n\n<p>Posterunek Policji w Mogielnicy<\/p>\n\n\n\n<p><strong>Czwartek, pi\u0105tek &#8211; <\/strong>adwokat Ewelina Natorska, Tel. 695 396 623<\/p>\n\n\n\n<p><strong>Poniedzia\u0142ek, wtorek, \u015broda<\/strong> &#8211; adwokat Marcin Jasek, Tel. 533 905 277 <\/p>\n\n\n\n<hr class=\"wp-block-separator has-alpha-channel-opacity\"\/>\n\n\n\n<p class=\"has-large-font-size\"><strong>NAJBLI\u017bSZE WYDARZENIA:<\/strong><\/p>\n\n\n\n<p>Sierpie\u0144 miesi\u0105cem trze\u017awo\u015bci &#8211; 3.08.2025 &#8211; Dzie\u0144 Profilaktyki &#8222;Trze\u017awy na drodze&#8221; &#8211; wi\u0119cej informacji wkr\u00f3tce<\/p>\n\n\n\n<figure class=\"wp-block-image size-full\"><img loading=\"lazy\" decoding=\"async\" width=\"663\" height=\"946\" src=\"https:\/\/nowa.mogielnica.pl\/wp-content\/uploads\/2025\/04\/519439070_1040316304940044_92238629408950567_n.jpg\" alt=\"\" class=\"wp-image-6900\" srcset=\"https:\/\/nowa.mogielnica.pl\/wp-content\/uploads\/2025\/04\/519439070_1040316304940044_92238629408950567_n.jpg 663w, https:\/\/nowa.mogielnica.pl\/wp-content\/uploads\/2025\/04\/519439070_1040316304940044_92238629408950567_n-210x300.jpg 210w\" sizes=\"auto, (max-width: 663px) 100vw, 663px\" \/><\/figure>\n\n\n\n<p>Nowo otwarty Punkt Wsparcia w Gr\u00f3jcu \u2013 Bezp\u0142atna pomoc psychologiczna, prawna i interwencyjna dla mieszka\u0144c\u00f3w powiatu gr\u00f3jeckiego! <\/p>\n\n\n\n<p><a><\/a>Informujemy o uruchomieniu Punktu Wsparcia w Gr\u00f3jcu, prowadzonego przez Fundacj\u0119 Terapeuci dla Rodziny i finansowanego przez Mazowieckie Centrum Polityki Spo\u0142ecznej. Nasz\u0105 misj\u0105 jest wspieranie os\u00f3b do\u015bwiadczaj\u0105cych:<\/p>\n\n\n\n<p><img loading=\"lazy\" decoding=\"async\" height=\"16\" width=\"16\" alt=\"\ud83d\udd38\" src=\"https:\/\/static.xx.fbcdn.net\/images\/emoji.php\/v9\/t72\/1\/16\/1f538.png\"> kryzys\u00f3w \u017cyciowych<\/p>\n\n\n\n<p><img loading=\"lazy\" decoding=\"async\" height=\"16\" width=\"16\" alt=\"\ud83d\udd38\" src=\"https:\/\/static.xx.fbcdn.net\/images\/emoji.php\/v9\/t72\/1\/16\/1f538.png\"> przemocy<\/p>\n\n\n\n<p><img loading=\"lazy\" decoding=\"async\" height=\"16\" width=\"16\" alt=\"\ud83d\udd38\" src=\"https:\/\/static.xx.fbcdn.net\/images\/emoji.php\/v9\/t72\/1\/16\/1f538.png\"> wykluczenia spo\u0142ecznego<\/p>\n\n\n\n<p><img loading=\"lazy\" decoding=\"async\" height=\"16\" width=\"16\" alt=\"\ud83d\udd38\" src=\"https:\/\/static.xx.fbcdn.net\/images\/emoji.php\/v9\/t72\/1\/16\/1f538.png\"> trudnych sytuacji \u017cyciowych<\/p>\n\n\n\n<p><img loading=\"lazy\" decoding=\"async\" height=\"16\" width=\"16\" alt=\"\ud83d\udccd\" src=\"https:\/\/static.xx.fbcdn.net\/images\/emoji.php\/v9\/t2d\/1\/16\/1f4cd.png\"> Adres punktu:<\/p>\n\n\n\n<p>Gr\u00f3jec, ul. Jana Paw\u0142a II 40<\/p>\n\n\n\n<p>Telefon wsparcia: +48 791 40 40 43<\/p>\n\n\n\n<p>Nie trzeba si\u0119 wcze\u015bniej zapisywa\u0107 \u2013 wystarczy zadzwoni\u0107 w poni\u017cszych godzinach:<\/p>\n\n\n\n<p>Godziny telefonicznego wsparcia:<\/p>\n\n\n\n<p>\u2022 poniedzia\u0142ek: 16:00\u201320:00<\/p>\n\n\n\n<p>\u2022 wtorek: 16:00\u201318:00<\/p>\n\n\n\n<p>\u2022 \u015broda: 19:15\u201321:15<\/p>\n\n\n\n<p>\u2022 czwartek: 16:00\u201318:00<\/p>\n\n\n\n<p>\u2022 pi\u0105tek: 16:00\u201320:00<\/p>\n\n\n\n<p><img loading=\"lazy\" decoding=\"async\" height=\"16\" width=\"16\" alt=\"\u27a1\ufe0f\" src=\"https:\/\/static.xx.fbcdn.net\/images\/emoji.php\/v9\/t9e\/1\/16\/27a1.png\"> Wi\u0119cej informacji, w tym szczeg\u00f3\u0142y dzia\u0142ania punktu i form kontaktu, znajd\u0105 Pa\u0144stwo na stronie:<\/p>\n\n\n\n<figure class=\"wp-block-embed\"><div class=\"wp-block-embed__wrapper\">\nhttps:\/\/punktwsparciagrojec.pl\n<\/div><\/figure>\n\n\n\n<figure class=\"wp-block-image size-large\"><img loading=\"lazy\" decoding=\"async\" width=\"1024\" height=\"1024\" src=\"https:\/\/nowa.mogielnica.pl\/wp-content\/uploads\/2025\/04\/kcpu-1024x1024.jpg\" alt=\"\" class=\"wp-image-7060\" srcset=\"https:\/\/nowa.mogielnica.pl\/wp-content\/uploads\/2025\/04\/kcpu-1024x1024.jpg 1024w, https:\/\/nowa.mogielnica.pl\/wp-content\/uploads\/2025\/04\/kcpu-300x300.jpg 300w, https:\/\/nowa.mogielnica.pl\/wp-content\/uploads\/2025\/04\/kcpu-150x150.jpg 150w, https:\/\/nowa.mogielnica.pl\/wp-content\/uploads\/2025\/04\/kcpu-768x768.jpg 768w, https:\/\/nowa.mogielnica.pl\/wp-content\/uploads\/2025\/04\/kcpu.jpg 1080w\" sizes=\"auto, (max-width: 1024px) 100vw, 1024px\" \/><\/figure>\n\n\n\n<p>Potrzebujesz wsparcia w podj\u0119ciu decyzji?<\/p>\n\n\n\n<p>Zadzwo\u0144 anonimowo i bezp\u0142atnie: 800 199 990 <\/p>\n\n\n\n<p><strong>Przyst\u0105pili\u015bmy do Og\u00f3lnopolskiej Kampanii Edukacyjnej &#8222;Ci\u0105\u017ca bez alkoholu&#8221;<\/strong><\/p>\n\n\n\n<figure class=\"wp-block-image size-full is-resized\"><img loading=\"lazy\" decoding=\"async\" width=\"284\" height=\"300\" src=\"https:\/\/nowa.mogielnica.pl\/wp-content\/uploads\/2025\/04\/ogC482C582lnopolska20kampania20edukacyjna20ciC384C285C4B9C5BAa20bez20alkoholu20logo20biaC4B9C282e.jpg\" alt=\"\" class=\"wp-image-7254\" style=\"width:279px;height:auto\"\/><\/figure>\n\n\n\n<figure class=\"wp-block-image size-large\"><img loading=\"lazy\" decoding=\"async\" width=\"1024\" height=\"576\" src=\"https:\/\/nowa.mogielnica.pl\/wp-content\/uploads\/2025\/04\/grafika01_fasd20moC4B9C5BAna20zapobiec_poziom-1024x576.jpg\" alt=\"\" class=\"wp-image-7255\" srcset=\"https:\/\/nowa.mogielnica.pl\/wp-content\/uploads\/2025\/04\/grafika01_fasd20moC4B9C5BAna20zapobiec_poziom-1024x576.jpg 1024w, https:\/\/nowa.mogielnica.pl\/wp-content\/uploads\/2025\/04\/grafika01_fasd20moC4B9C5BAna20zapobiec_poziom-300x169.jpg 300w, https:\/\/nowa.mogielnica.pl\/wp-content\/uploads\/2025\/04\/grafika01_fasd20moC4B9C5BAna20zapobiec_poziom-768x432.jpg 768w, https:\/\/nowa.mogielnica.pl\/wp-content\/uploads\/2025\/04\/grafika01_fasd20moC4B9C5BAna20zapobiec_poziom-1536x864.jpg 1536w, https:\/\/nowa.mogielnica.pl\/wp-content\/uploads\/2025\/04\/grafika01_fasd20moC4B9C5BAna20zapobiec_poziom-678x381.jpg 678w, https:\/\/nowa.mogielnica.pl\/wp-content\/uploads\/2025\/04\/grafika01_fasd20moC4B9C5BAna20zapobiec_poziom.jpg 1920w\" sizes=\"auto, (max-width: 1024px) 100vw, 1024px\" \/><\/figure>\n\n\n\n<p>Zach\u0119camy do zapoznania si\u0119 artyku\u0142em:<\/p>\n\n\n\n<div class=\"wp-block-file\"><a id=\"wp-block-file--media-640f198d-81ec-4e4f-9dd0-1203fa956565\" href=\"https:\/\/nowa.mogielnica.pl\/wp-content\/uploads\/2025\/04\/ciaza_bez_alkoholu.docx\">ciaza_bez_alkoholu<\/a><a href=\"https:\/\/nowa.mogielnica.pl\/wp-content\/uploads\/2025\/04\/ciaza_bez_alkoholu.docx\" class=\"wp-block-file__button wp-element-button\" download aria-describedby=\"wp-block-file--media-640f198d-81ec-4e4f-9dd0-1203fa956565\">Pobierz<\/a><\/div>\n\n\n\n<figure class=\"wp-block-image size-full\"><img loading=\"lazy\" decoding=\"async\" width=\"1013\" height=\"1024\" src=\"https:\/\/nowa.mogielnica.pl\/wp-content\/uploads\/2025\/04\/612041084_1300467955440819_1293300834347154998_n-1.jpg\" alt=\"\" class=\"wp-image-7697\" srcset=\"https:\/\/nowa.mogielnica.pl\/wp-content\/uploads\/2025\/04\/612041084_1300467955440819_1293300834347154998_n-1.jpg 1013w, https:\/\/nowa.mogielnica.pl\/wp-content\/uploads\/2025\/04\/612041084_1300467955440819_1293300834347154998_n-1-297x300.jpg 297w, https:\/\/nowa.mogielnica.pl\/wp-content\/uploads\/2025\/04\/612041084_1300467955440819_1293300834347154998_n-1-768x776.jpg 768w\" sizes=\"auto, (max-width: 1013px) 100vw, 1013px\" \/><\/figure>\n\n\n\n<p><a href=\"https:\/\/kampanianazdrowie.pl\/wystarczy-ze\/#miesiac\">Wystarczy, \u017ce&#8230; &#8211; Na Zdrowie<\/a><\/p>\n\n\n\n<hr class=\"wp-block-separator has-alpha-channel-opacity\"\/>\n\n\n\n<p class=\"has-medium-font-size\"><strong>Od Kobiet dla Kobiet &#8211; profilaktyka zdrowia kobiet<\/strong><\/p>\n\n\n\n<p><\/p>\n\n\n\n<figure class=\"wp-block-gallery has-nested-images columns-default is-cropped wp-block-gallery-1 is-layout-flex wp-block-gallery-is-layout-flex\">\n<figure class=\"wp-block-image size-large\"><img loading=\"lazy\" decoding=\"async\" width=\"683\" height=\"1024\" data-id=\"8163\" src=\"https:\/\/nowa.mogielnica.pl\/wp-content\/uploads\/2025\/04\/facebook_1776331588264_7450474685985499878-683x1024.jpg\" alt=\"\" class=\"wp-image-8163\" srcset=\"https:\/\/nowa.mogielnica.pl\/wp-content\/uploads\/2025\/04\/facebook_1776331588264_7450474685985499878-683x1024.jpg 683w, https:\/\/nowa.mogielnica.pl\/wp-content\/uploads\/2025\/04\/facebook_1776331588264_7450474685985499878-200x300.jpg 200w, https:\/\/nowa.mogielnica.pl\/wp-content\/uploads\/2025\/04\/facebook_1776331588264_7450474685985499878-768x1152.jpg 768w, https:\/\/nowa.mogielnica.pl\/wp-content\/uploads\/2025\/04\/facebook_1776331588264_7450474685985499878.jpg 1024w\" sizes=\"auto, (max-width: 683px) 100vw, 683px\" \/><\/figure>\n<\/figure>\n\n\n\n<p><\/p>\n\n\n\n<p class=\"has-medium-font-size\"><a href=\"https:\/\/www.facebook.com\/share\/1Gvbd49MLJ\/\" data-type=\"link\" data-id=\"https:\/\/www.facebook.com\/share\/1Gvbd49MLJ\/\"><strong>Wi\u0119cej informacji<\/strong><\/a><\/p>\n\n\n\n<hr class=\"wp-block-separator has-alpha-channel-opacity\"\/>\n","protected":false},"excerpt":{"rendered":"<div class=\"mh-excerpt\"><p>TERMINY POSIEDZE\u0143: wrzesie\u0144 &#8211; czerwiec: czwartek godz. 16.00 budynek Urz\u0119du Gminy i Miasta w Mogielnicy, ul. Rynek 1 lipiec &#8211; sierpie\u0144: wtorek godz. 15.30 budynek Urz\u0119du Gminy i Miasta w Mogielnicy, ul. Rynek 1 Dni <a class=\"mh-excerpt-more\" href=\"https:\/\/nowa.mogielnica.pl\/?p=6757\" title=\"Gminna Komisja Rozwi\u0105zywania Problem\u00f3w Alkoholowych w Mogielnicy\">[&#8230;]<\/a><\/p>\n<\/div>","protected":false},"author":1,"featured_media":0,"comment_status":"closed","ping_status":"open","sticky":false,"template":"","format":"standard","meta":{"footnotes":""},"categories":[3],"tags":[],"class_list":{"0":"post-6757","1":"post","2":"type-post","3":"status-publish","4":"format-standard","6":"category-aktualnosci"},"_links":{"self":[{"href":"https:\/\/nowa.mogielnica.pl\/index.php?rest_route=\/wp\/v2\/posts\/6757","targetHints":{"allow":["GET"]}}],"collection":[{"href":"https:\/\/nowa.mogielnica.pl\/index.php?rest_route=\/wp\/v2\/posts"}],"about":[{"href":"https:\/\/nowa.mogielnica.pl\/index.php?rest_route=\/wp\/v2\/types\/post"}],"author":[{"embeddable":true,"href":"https:\/\/nowa.mogielnica.pl\/index.php?rest_route=\/wp\/v2\/users\/1"}],"replies":[{"embeddable":true,"href":"https:\/\/nowa.mogielnica.pl\/index.php?rest_route=%2Fwp%2Fv2%2Fcomments&post=6757"}],"version-history":[{"count":15,"href":"https:\/\/nowa.mogielnica.pl\/index.php?rest_route=\/wp\/v2\/posts\/6757\/revisions"}],"predecessor-version":[{"id":8170,"href":"https:\/\/nowa.mogielnica.pl\/index.php?rest_route=\/wp\/v2\/posts\/6757\/revisions\/8170"}],"wp:attachment":[{"href":"https:\/\/nowa.mogielnica.pl\/index.php?rest_route=%2Fwp%2Fv2%2Fmedia&parent=6757"}],"wp:term":[{"taxonomy":"category","embeddable":true,"href":"https:\/\/nowa.mogielnica.pl\/index.php?rest_route=%2Fwp%2Fv2%2Fcategories&post=6757"},{"taxonomy":"post_tag","embeddable":true,"href":"https:\/\/nowa.mogielnica.pl\/index.php?rest_route=%2Fwp%2Fv2%2Ftags&post=6757"}],"curies":[{"name":"wp","href":"https:\/\/api.w.org\/{rel}","templated":true}]}}