{"id":677,"date":"2024-01-03T09:12:00","date_gmt":"2024-01-03T09:12:00","guid":{"rendered":"https:\/\/nowa.mogielnica.pl\/?p=677"},"modified":"2024-03-20T09:14:54","modified_gmt":"2024-03-20T09:14:54","slug":"ogloszenie-miejsko-gminny-osrodek-kultury-i-bs-w-mogielnicy","status":"publish","type":"post","link":"https:\/\/nowa.mogielnica.pl\/?p=677","title":{"rendered":"OG\u0141OSZENIE MIEJSKO-GMINNY O\u015aRODEK KULTURY I BS W MOGIELNICY"},"content":{"rendered":"\n<p><a href=\"https:\/\/www.mogielnica.pl\/news,832,ogloszenie-miejsko-gminny-osrodek-kultury-i-bs-w-mogielnicy.html\">MGOKiBS w Mogielnicy informuje,\u00a0<strong>\u017ce\u00a0<u>5 stycznia 2024r. (pi\u0105tek) jest dniem wolnym<\/u><\/strong>\u00a0od pracy dla pracownik\u00f3w w zamian za \u015bwi\u0119to przypadaj\u0105ce\u00a0 w dniu\u00a0<strong>6 stycznia 2024r.(w sobot\u0119)<\/strong><strong>.<\/strong>Za utrudnienia przepraszamy<\/a>.<\/p>\n\n\n\n<p><a href=\"https:\/\/www.mogielnica.pl\/news,831,koncert-swiateczny-orkiestry-marszowo-swingowej-z-mogielnicy.html\"><\/a><\/p>\n","protected":false},"excerpt":{"rendered":"<div class=\"mh-excerpt\"><p>MGOKiBS w Mogielnicy informuje,\u00a0\u017ce\u00a05 stycznia 2024r. (pi\u0105tek) jest dniem wolnym\u00a0od pracy dla pracownik\u00f3w w zamian za \u015bwi\u0119to przypadaj\u0105ce\u00a0 w dniu\u00a06 stycznia 2024r.(w sobot\u0119).Za utrudnienia przepraszamy.<\/p>\n<\/div>","protected":false},"author":1,"featured_media":678,"comment_status":"closed","ping_status":"closed","sticky":false,"template":"template-full.php","format":"standard","meta":{"footnotes":""},"categories":[3],"tags":[],"class_list":{"0":"post-677","1":"post","2":"type-post","3":"status-publish","4":"format-standard","5":"has-post-thumbnail","7":"category-aktualnosci"},"_links":{"self":[{"href":"https:\/\/nowa.mogielnica.pl\/index.php?rest_route=\/wp\/v2\/posts\/677","targetHints":{"allow":["GET"]}}],"collection":[{"href":"https:\/\/nowa.mogielnica.pl\/index.php?rest_route=\/wp\/v2\/posts"}],"about":[{"href":"https:\/\/nowa.mogielnica.pl\/index.php?rest_route=\/wp\/v2\/types\/post"}],"author":[{"embeddable":true,"href":"https:\/\/nowa.mogielnica.pl\/index.php?rest_route=\/wp\/v2\/users\/1"}],"replies":[{"embeddable":true,"href":"https:\/\/nowa.mogielnica.pl\/index.php?rest_route=%2Fwp%2Fv2%2Fcomments&post=677"}],"version-history":[{"count":1,"href":"https:\/\/nowa.mogielnica.pl\/index.php?rest_route=\/wp\/v2\/posts\/677\/revisions"}],"predecessor-version":[{"id":679,"href":"https:\/\/nowa.mogielnica.pl\/index.php?rest_route=\/wp\/v2\/posts\/677\/revisions\/679"}],"wp:featuredmedia":[{"embeddable":true,"href":"https:\/\/nowa.mogielnica.pl\/index.php?rest_route=\/wp\/v2\/media\/678"}],"wp:attachment":[{"href":"https:\/\/nowa.mogielnica.pl\/index.php?rest_route=%2Fwp%2Fv2%2Fmedia&parent=677"}],"wp:term":[{"taxonomy":"category","embeddable":true,"href":"https:\/\/nowa.mogielnica.pl\/index.php?rest_route=%2Fwp%2Fv2%2Fcategories&post=677"},{"taxonomy":"post_tag","embeddable":true,"href":"https:\/\/nowa.mogielnica.pl\/index.php?rest_route=%2Fwp%2Fv2%2Ftags&post=677"}],"curies":[{"name":"wp","href":"https:\/\/api.w.org\/{rel}","templated":true}]}}