{"id":7138,"date":"2025-08-20T05:42:35","date_gmt":"2025-08-20T05:42:35","guid":{"rendered":"https:\/\/nowa.mogielnica.pl\/?p=7138"},"modified":"2025-08-20T05:42:36","modified_gmt":"2025-08-20T05:42:36","slug":"zapraszamy-na-plastyczne-spotkanie-klubu-milosnikow-mangi","status":"publish","type":"post","link":"https:\/\/nowa.mogielnica.pl\/?p=7138","title":{"rendered":"Zapraszamy na plastyczne spotkanie Klubu Mi\u0142o\u015bnik\u00f3w Mangi"},"content":{"rendered":"\n<figure class=\"wp-block-image size-large\"><img loading=\"lazy\" decoding=\"async\" width=\"724\" height=\"1024\" src=\"https:\/\/nowa.mogielnica.pl\/wp-content\/uploads\/2025\/08\/Zajecia-plastyczne-724x1024.jpg\" alt=\"\" class=\"wp-image-7139\" srcset=\"https:\/\/nowa.mogielnica.pl\/wp-content\/uploads\/2025\/08\/Zajecia-plastyczne-724x1024.jpg 724w, https:\/\/nowa.mogielnica.pl\/wp-content\/uploads\/2025\/08\/Zajecia-plastyczne-212x300.jpg 212w, https:\/\/nowa.mogielnica.pl\/wp-content\/uploads\/2025\/08\/Zajecia-plastyczne-768x1086.jpg 768w, https:\/\/nowa.mogielnica.pl\/wp-content\/uploads\/2025\/08\/Zajecia-plastyczne-1086x1536.jpg 1086w, https:\/\/nowa.mogielnica.pl\/wp-content\/uploads\/2025\/08\/Zajecia-plastyczne-1448x2048.jpg 1448w, https:\/\/nowa.mogielnica.pl\/wp-content\/uploads\/2025\/08\/Zajecia-plastyczne-scaled.jpg 1810w\" sizes=\"auto, (max-width: 724px) 100vw, 724px\" \/><\/figure>\n\n\n\n<h1 class=\"wp-block-heading\">Zaj\u0119cia plastyczne \u201eSztuka kropek \u2013 Yayoi Kusama\u201d<\/h1>\n\n\n\n<p><strong>Kiedy:<\/strong> 25 sierpnia (poniedzia\u0142ek), start godz. <strong>16:00<\/strong><br><strong>Gdzie:<\/strong> sala widowiskowa, ul. Po\u015bwi\u0119tne 11<br><strong>Wst\u0119p:<\/strong> <strong>wolny<\/strong><\/p>\n\n\n\n<p>Klub Mi\u0142o\u015bnik\u00f3w Mangi zaprasza dzieci i m\u0142odzie\u017c na tw\u00f3rcze popo\u0142udnie zainspirowane sztuk\u0105 Yayoi Kusamy. W programie dwie otwarte, nast\u0119puj\u0105ce po sobie cz\u0119\u015bci warsztatowe:<\/p>\n\n\n\n<p><strong>godz. 16:00 \u2013 Monika Szczepa\u0144ska<\/strong><br>Monika Szczepa\u0144ska, mieszkanka Mogielnicy, absolwentka Wydzia\u0142u Sztuki na Uniwersytecie Technologiczno-Humanistycznym w Radomiu. Jest r\u00f3wnie\u017c dyplomowan\u0105 mistrzyni\u0105 cukiernictwa z tytu\u0142em obronionym po uko\u0144czeniu dw\u00f3ch presti\u017cowych kurs\u00f3w w renomowanej francuskiej Szkole Kulinarnej School Des Arts Culinaires Len\u00f4tre.<\/p>\n\n\n\n<p>Jak sama m\u00f3wi: &#8222;Podejrzewam, \u017ce jedno bez drugiego istnie\u0107 by nie mog\u0142o, dlatego stara\u0142am si\u0119 jak najlepiej, na tyle, na ile pozwala mi w\u0142asna wyobra\u017ania, tworzy\u0107 co\u015b dla innych i dla siebie. Brn\u0105c naprz\u00f3d, szcz\u0119\u015bliwie uko\u0144czy\u0142am dwa kursy we francuskiej Szkole Kulinarnej School Des Arts Culinaires Len\u00f4tre oraz obroni\u0142am Tytu\u0142 Mistrzowski w zawodzie Cukiernika.&#8221;<\/p>\n\n\n\n<p>Poza tym od lat jest mi\u0142o\u015bniczk\u0105 kultury Japonii, a wszystko zacz\u0119\u0142o si\u0119 od mangi i anime.<\/p>\n\n\n\n<p><strong>godz. 17:00 \u2013 Anna Merska-Mitan<\/strong><br>mieszka w Gr\u00f3jcu, lubi zapach bergamotki i czarny humor.<\/p>\n\n\n\n<p>Malarka i instruktorka arteterapii. W&nbsp;2010 r. uzyska\u0142a dyplom z malarstwa w pracowni prof. S.Z. Kamie\u0144skiego na Wydziale Sztuki Politechniki Radomskiej.&nbsp;Praca pisemna pt. \u201eWybrani arty\u015bci zwi\u0105zani z ziemi\u0105 gr\u00f3jeck\u0105\u201d pod kierunkiem dr K. M. \u0141yszcza.<\/p>\n\n\n\n<p>Mia\u0142a kilkana\u015bcie wystaw indywidualnych oraz bra\u0142a udzia\u0142 w ponad 70 wystawach zbiorowych w Polsce i za granic\u0105. Obrazy Anny znajduj\u0105 si\u0119 w kolekcjach miejskich i prywatnych&nbsp;m.in.:&nbsp;w Austrii, Chinach, Francji, Hiszpanii, Holandii, Japonii (r\u00f3wnie\u017c w kolekcji miasta Uozu), Polsce, Korei Po\u0142udniowej (Centrum Kultury Gunsam), Niemczech, USA, Szwecji, Turcji.<\/p>\n\n\n\n<p>Obecnie prowadzi w\u0142asn\u0105 Pracowni\u0119 Artystyczn\u0105 PAADM przy&nbsp;Ul. Zdrojowej 4c&nbsp;w Gr\u00f3jcu. Prezes Fundacji Stacja Relacja&nbsp;Na Rzecz Rozwoju Rodziny i Jej \u015arodowiska.<\/p>\n\n\n\n<p>Ela Malka pisa\u0142a: \u201eObrazy A.D.Merskiej pokazuj\u0105, jak niewyczerpanym \u017ar\u00f3d\u0142em bod\u017ac\u00f3w malarskich jest natura z jej bogactwem zjawisk i struktur w swojej egzystencji i ci\u0105g\u0142ej zmienno\u015bci. [\u2026] Malarka tworzy aluzj\u0119 czy te\u017c optyczn\u0105 sugesti\u0119 element\u00f3w pejza\u017cu osi\u0105gan\u0105 przez abstrakcyjne plamy koloru. Stale odwo\u0142uje si\u0119 do wyobra\u017ani widza.\u201d<\/p>\n\n\n\n<p><\/p>\n","protected":false},"excerpt":{"rendered":"<div class=\"mh-excerpt\"><p>Zaj\u0119cia plastyczne \u201eSztuka kropek \u2013 Yayoi Kusama\u201d Kiedy: 25 sierpnia (poniedzia\u0142ek), start godz. 16:00Gdzie: sala widowiskowa, ul. Po\u015bwi\u0119tne 11Wst\u0119p: wolny Klub Mi\u0142o\u015bnik\u00f3w Mangi zaprasza dzieci i m\u0142odzie\u017c na tw\u00f3rcze popo\u0142udnie zainspirowane sztuk\u0105 Yayoi Kusamy. W <a class=\"mh-excerpt-more\" href=\"https:\/\/nowa.mogielnica.pl\/?p=7138\" title=\"Zapraszamy na plastyczne spotkanie Klubu Mi\u0142o\u015bnik\u00f3w Mangi\">[&#8230;]<\/a><\/p>\n<\/div>","protected":false},"author":1,"featured_media":7139,"comment_status":"closed","ping_status":"open","sticky":false,"template":"","format":"standard","meta":{"footnotes":""},"categories":[5],"tags":[],"class_list":{"0":"post-7138","1":"post","2":"type-post","3":"status-publish","4":"format-standard","5":"has-post-thumbnail","7":"category-5"},"_links":{"self":[{"href":"https:\/\/nowa.mogielnica.pl\/index.php?rest_route=\/wp\/v2\/posts\/7138","targetHints":{"allow":["GET"]}}],"collection":[{"href":"https:\/\/nowa.mogielnica.pl\/index.php?rest_route=\/wp\/v2\/posts"}],"about":[{"href":"https:\/\/nowa.mogielnica.pl\/index.php?rest_route=\/wp\/v2\/types\/post"}],"author":[{"embeddable":true,"href":"https:\/\/nowa.mogielnica.pl\/index.php?rest_route=\/wp\/v2\/users\/1"}],"replies":[{"embeddable":true,"href":"https:\/\/nowa.mogielnica.pl\/index.php?rest_route=%2Fwp%2Fv2%2Fcomments&post=7138"}],"version-history":[{"count":1,"href":"https:\/\/nowa.mogielnica.pl\/index.php?rest_route=\/wp\/v2\/posts\/7138\/revisions"}],"predecessor-version":[{"id":7140,"href":"https:\/\/nowa.mogielnica.pl\/index.php?rest_route=\/wp\/v2\/posts\/7138\/revisions\/7140"}],"wp:featuredmedia":[{"embeddable":true,"href":"https:\/\/nowa.mogielnica.pl\/index.php?rest_route=\/wp\/v2\/media\/7139"}],"wp:attachment":[{"href":"https:\/\/nowa.mogielnica.pl\/index.php?rest_route=%2Fwp%2Fv2%2Fmedia&parent=7138"}],"wp:term":[{"taxonomy":"category","embeddable":true,"href":"https:\/\/nowa.mogielnica.pl\/index.php?rest_route=%2Fwp%2Fv2%2Fcategories&post=7138"},{"taxonomy":"post_tag","embeddable":true,"href":"https:\/\/nowa.mogielnica.pl\/index.php?rest_route=%2Fwp%2Fv2%2Ftags&post=7138"}],"curies":[{"name":"wp","href":"https:\/\/api.w.org\/{rel}","templated":true}]}}