{"id":7151,"date":"2025-08-27T13:19:41","date_gmt":"2025-08-27T13:19:41","guid":{"rendered":"https:\/\/nowa.mogielnica.pl\/?p=7151"},"modified":"2025-08-27T13:20:02","modified_gmt":"2025-08-27T13:20:02","slug":"szkolenie-profilaktyczne-dla-nauczycieli","status":"publish","type":"post","link":"https:\/\/nowa.mogielnica.pl\/?p=7151","title":{"rendered":"SZKOLENIE PROFILAKTYCZNE DLA NAUCZYCIELI"},"content":{"rendered":"\n<figure class=\"wp-block-gallery has-nested-images columns-default is-cropped wp-block-gallery-1 is-layout-flex wp-block-gallery-is-layout-flex\">\n<figure class=\"wp-block-image size-large\"><img loading=\"lazy\" decoding=\"async\" width=\"1024\" height=\"858\" data-id=\"7152\" src=\"https:\/\/nowa.mogielnica.pl\/wp-content\/uploads\/2025\/08\/1000050902-1024x858.jpg\" alt=\"\" class=\"wp-image-7152\" srcset=\"https:\/\/nowa.mogielnica.pl\/wp-content\/uploads\/2025\/08\/1000050902-1024x858.jpg 1024w, https:\/\/nowa.mogielnica.pl\/wp-content\/uploads\/2025\/08\/1000050902-300x252.jpg 300w, https:\/\/nowa.mogielnica.pl\/wp-content\/uploads\/2025\/08\/1000050902-768x644.jpg 768w, https:\/\/nowa.mogielnica.pl\/wp-content\/uploads\/2025\/08\/1000050902-1536x1288.jpg 1536w, https:\/\/nowa.mogielnica.pl\/wp-content\/uploads\/2025\/08\/1000050902.jpg 1763w\" sizes=\"auto, (max-width: 1024px) 100vw, 1024px\" \/><\/figure>\n<\/figure>\n\n\n\n<p>Gminna Komisja Rozwi\u0105zywania Problem\u00f3w Alkoholowych w Mogielnicy serdecznie zaprasza nauczycieli do udzia\u0142u w rekomendowanym szkoleniu profilaktycznym z zakresu profilaktyki uniwersalnej pn. \u201eISKRA Odporno\u015bci\u201d.&nbsp;<\/p>\n\n\n\n<p><\/p>\n\n\n\n<p>\ud83d\udc69\u200d\ud83c\udfeb Celem szkolenia jest zdobycie przez nauczycieli kwalifikacji do realizacji skutecznej profilaktyki w szko\u0142ach na terenie Gminy i Miasta Mogielnica.<\/p>\n\n\n\n<p>\ud83d\udcdc Po uko\u0144czeniu szkolenia uczestnicy (nauczyciele, wychowawcy, pedagodzy) otrzymaj\u0105 za\u015bwiadczenia uprawniaj\u0105ce do realizacji programu z uczniami.<\/p>\n\n\n\n<p>\ud83d\udcda Szkolenie obejmuje 12 godzin dydaktycznych, realizowanych podczas 2 spotka\u0144 w budynku Urz\u0119du Gminy i Miasta w Mogielnicy.<\/p>\n\n\n\n<p>\ud83d\udce7 Zapisy: <a href=\"mailto:gkrpamogielnica@gmail.com\">gkrpamogielnica@gmail.com<\/a><\/p>\n\n\n\n<p>\ud83d\udccc Liczba miejsc ograniczona \u2013 przewidujemy utworzenie 14-osobowej grupy szkoleniowej. O uczestnictwie decyduje kolejno\u015b\u0107 zg\u0142osze\u0144!<\/p>\n\n\n\n<p>\ud83d\udc49 Za\u0142o\u017ceniem programu \u201eISKRA Odporno\u015bci\u201d jest wzmacnianie odporno\u015bci psychicznej uczni\u00f3w, radzenie sobie ze stresem, trudnymi emocjami i konfliktami oraz rozwijanie umiej\u0119tno\u015bci komunikacji.<\/p>\n\n\n\n<p>Nie czekaj \u2013 zg\u0142o\u015b si\u0119 ju\u017c dzi\u015b i we\u017a udzia\u0142 w warto\u015bciowym szkoleniu, kt\u00f3re realnie wp\u0142ynie na dobrostan Twoich uczni\u00f3w!&nbsp;<\/p>\n\n\n\n<p>\u203c\ufe0f Termin zg\u0142osze\u0144 do 25 wrze\u015bnia 2025.<\/p>\n","protected":false},"excerpt":{"rendered":"<div class=\"mh-excerpt\"><p>Gminna Komisja Rozwi\u0105zywania Problem\u00f3w Alkoholowych w Mogielnicy serdecznie zaprasza nauczycieli do udzia\u0142u w rekomendowanym szkoleniu profilaktycznym z zakresu profilaktyki uniwersalnej pn. \u201eISKRA Odporno\u015bci\u201d.&nbsp; \ud83d\udc69\u200d\ud83c\udfeb Celem szkolenia jest zdobycie przez nauczycieli kwalifikacji do realizacji skutecznej profilaktyki <a class=\"mh-excerpt-more\" href=\"https:\/\/nowa.mogielnica.pl\/?p=7151\" title=\"SZKOLENIE PROFILAKTYCZNE DLA NAUCZYCIELI\">[&#8230;]<\/a><\/p>\n<\/div>","protected":false},"author":4,"featured_media":7152,"comment_status":"closed","ping_status":"open","sticky":false,"template":"","format":"standard","meta":{"footnotes":""},"categories":[3],"tags":[],"class_list":{"0":"post-7151","1":"post","2":"type-post","3":"status-publish","4":"format-standard","5":"has-post-thumbnail","7":"category-aktualnosci"},"_links":{"self":[{"href":"https:\/\/nowa.mogielnica.pl\/index.php?rest_route=\/wp\/v2\/posts\/7151","targetHints":{"allow":["GET"]}}],"collection":[{"href":"https:\/\/nowa.mogielnica.pl\/index.php?rest_route=\/wp\/v2\/posts"}],"about":[{"href":"https:\/\/nowa.mogielnica.pl\/index.php?rest_route=\/wp\/v2\/types\/post"}],"author":[{"embeddable":true,"href":"https:\/\/nowa.mogielnica.pl\/index.php?rest_route=\/wp\/v2\/users\/4"}],"replies":[{"embeddable":true,"href":"https:\/\/nowa.mogielnica.pl\/index.php?rest_route=%2Fwp%2Fv2%2Fcomments&post=7151"}],"version-history":[{"count":2,"href":"https:\/\/nowa.mogielnica.pl\/index.php?rest_route=\/wp\/v2\/posts\/7151\/revisions"}],"predecessor-version":[{"id":7154,"href":"https:\/\/nowa.mogielnica.pl\/index.php?rest_route=\/wp\/v2\/posts\/7151\/revisions\/7154"}],"wp:featuredmedia":[{"embeddable":true,"href":"https:\/\/nowa.mogielnica.pl\/index.php?rest_route=\/wp\/v2\/media\/7152"}],"wp:attachment":[{"href":"https:\/\/nowa.mogielnica.pl\/index.php?rest_route=%2Fwp%2Fv2%2Fmedia&parent=7151"}],"wp:term":[{"taxonomy":"category","embeddable":true,"href":"https:\/\/nowa.mogielnica.pl\/index.php?rest_route=%2Fwp%2Fv2%2Fcategories&post=7151"},{"taxonomy":"post_tag","embeddable":true,"href":"https:\/\/nowa.mogielnica.pl\/index.php?rest_route=%2Fwp%2Fv2%2Ftags&post=7151"}],"curies":[{"name":"wp","href":"https:\/\/api.w.org\/{rel}","templated":true}]}}