{"id":7155,"date":"2025-08-28T06:07:03","date_gmt":"2025-08-28T06:07:03","guid":{"rendered":"https:\/\/nowa.mogielnica.pl\/?p=7155"},"modified":"2025-08-28T06:07:03","modified_gmt":"2025-08-28T06:07:03","slug":"asystent-osobisty-osoby-z-niepelnosprawnoscia-dla-jednostek-samorzadu-terytorialnego-edycja-2026","status":"publish","type":"post","link":"https:\/\/nowa.mogielnica.pl\/?p=7155","title":{"rendered":"\u201eAsystent osobisty osoby z\u00a0niepe\u0142nosprawno\u015bci\u0105\u201d dla Jednostek Samorz\u0105du Terytorialnego &#8211; edycja 2026"},"content":{"rendered":"\n<p><strong>Miejsko &#8211; Gminny O\u015brodek Pomocy Spo\u0142ecznej w Mogielnicy &nbsp;informuje,&nbsp; i\u017c w dniu 14 sierpnia 2025 r. Minister Rodziny, Pracy i Polityki Spo\u0142ecznej og\u0142osi\u0142 nab\u00f3r wniosk\u00f3w na realizacj\u0119 Programu pn. <a>\u201eAsystent Osobisty Osoby z&nbsp;Niepe\u0142nosprawno\u015bci\u0105\u201d <\/a>dla Jednostek Samorz\u0105du Terytorialnego \u2212 edycja 2026realizowanego w ramach Funduszu Solidarno\u015bciowego.<\/strong><\/p>\n\n\n\n<div class=\"wp-block-file\"><a id=\"wp-block-file--media-d48cced6-6ced-4304-a602-3dab4dc8497b\" href=\"https:\/\/nowa.mogielnica.pl\/wp-content\/uploads\/2025\/08\/ogloszenie-aoon-20261.docx\">og\u0142oszenie aoon 2026(1)<\/a><a href=\"https:\/\/nowa.mogielnica.pl\/wp-content\/uploads\/2025\/08\/ogloszenie-aoon-20261.docx\" class=\"wp-block-file__button wp-element-button\" download aria-describedby=\"wp-block-file--media-d48cced6-6ced-4304-a602-3dab4dc8497b\">Pobierz<\/a><\/div>\n","protected":false},"excerpt":{"rendered":"<div class=\"mh-excerpt\"><p>Miejsko &#8211; Gminny O\u015brodek Pomocy Spo\u0142ecznej w Mogielnicy &nbsp;informuje,&nbsp; i\u017c w dniu 14 sierpnia 2025 r. Minister Rodziny, Pracy i Polityki Spo\u0142ecznej og\u0142osi\u0142 nab\u00f3r wniosk\u00f3w na realizacj\u0119 Programu pn. \u201eAsystent Osobisty Osoby z&nbsp;Niepe\u0142nosprawno\u015bci\u0105\u201d dla Jednostek <a class=\"mh-excerpt-more\" href=\"https:\/\/nowa.mogielnica.pl\/?p=7155\" title=\"\u201eAsystent osobisty osoby z\u00a0niepe\u0142nosprawno\u015bci\u0105\u201d dla Jednostek Samorz\u0105du Terytorialnego &#8211; edycja 2026\">[&#8230;]<\/a><\/p>\n<\/div>","protected":false},"author":4,"featured_media":1069,"comment_status":"closed","ping_status":"open","sticky":false,"template":"","format":"standard","meta":{"footnotes":""},"categories":[3],"tags":[],"class_list":{"0":"post-7155","1":"post","2":"type-post","3":"status-publish","4":"format-standard","5":"has-post-thumbnail","7":"category-aktualnosci"},"_links":{"self":[{"href":"https:\/\/nowa.mogielnica.pl\/index.php?rest_route=\/wp\/v2\/posts\/7155","targetHints":{"allow":["GET"]}}],"collection":[{"href":"https:\/\/nowa.mogielnica.pl\/index.php?rest_route=\/wp\/v2\/posts"}],"about":[{"href":"https:\/\/nowa.mogielnica.pl\/index.php?rest_route=\/wp\/v2\/types\/post"}],"author":[{"embeddable":true,"href":"https:\/\/nowa.mogielnica.pl\/index.php?rest_route=\/wp\/v2\/users\/4"}],"replies":[{"embeddable":true,"href":"https:\/\/nowa.mogielnica.pl\/index.php?rest_route=%2Fwp%2Fv2%2Fcomments&post=7155"}],"version-history":[{"count":1,"href":"https:\/\/nowa.mogielnica.pl\/index.php?rest_route=\/wp\/v2\/posts\/7155\/revisions"}],"predecessor-version":[{"id":7157,"href":"https:\/\/nowa.mogielnica.pl\/index.php?rest_route=\/wp\/v2\/posts\/7155\/revisions\/7157"}],"wp:featuredmedia":[{"embeddable":true,"href":"https:\/\/nowa.mogielnica.pl\/index.php?rest_route=\/wp\/v2\/media\/1069"}],"wp:attachment":[{"href":"https:\/\/nowa.mogielnica.pl\/index.php?rest_route=%2Fwp%2Fv2%2Fmedia&parent=7155"}],"wp:term":[{"taxonomy":"category","embeddable":true,"href":"https:\/\/nowa.mogielnica.pl\/index.php?rest_route=%2Fwp%2Fv2%2Fcategories&post=7155"},{"taxonomy":"post_tag","embeddable":true,"href":"https:\/\/nowa.mogielnica.pl\/index.php?rest_route=%2Fwp%2Fv2%2Ftags&post=7155"}],"curies":[{"name":"wp","href":"https:\/\/api.w.org\/{rel}","templated":true}]}}