{"id":7168,"date":"2025-08-28T10:22:32","date_gmt":"2025-08-28T10:22:32","guid":{"rendered":"https:\/\/nowa.mogielnica.pl\/?p=7168"},"modified":"2025-08-28T10:45:23","modified_gmt":"2025-08-28T10:45:23","slug":"przypomnienie-ostatnie-dni-okresu-przejsciowego-w-programie-czyste-powietrze","status":"publish","type":"post","link":"https:\/\/nowa.mogielnica.pl\/?p=7168","title":{"rendered":"Przypomnienie: Ostatnie dni okresu przej\u015bciowego w programie Czyste Powietrze"},"content":{"rendered":"\n<p>Przypominamy, \u017ce do 31 sierpnia 2025 r. trwa okres przej\u015bciowy w programie Czyste Powietrze. To ostatnia szansa, by z\u0142o\u017cy\u0107 wniosek o dofinansowanie na inwestycje rozpocz\u0119te po 28 maja 2024 r., kt\u00f3re nie zosta\u0142y zg\u0142oszone przed zawieszeniem programu w listopadzie ubieg\u0142ego roku.<\/p>\n\n\n\n<p>Od 1 wrze\u015bnia 2025 r. zmieniaj\u0105 si\u0119 zasady kwalifikowania koszt\u00f3w \u2013 b\u0119d\u0105 one uznawane tylko je\u015bli zosta\u0142y poniesione nie wcze\u015bniej ni\u017c 6 miesi\u0119cy przed dat\u0105 z\u0142o\u017cenia wniosku.<\/p>\n\n\n\n<p>Je\u015bli planujesz skorzysta\u0107 z dotacji na wcze\u015bniejsze wydatki, nie zwlekaj \u2013 masz czas do ko\u0144ca tego miesi\u0105ca.<\/p>\n\n\n\n<p class=\"has-medium-font-size\"><a href=\"https:\/\/wfosigw.pl\/przypomnienieostatnie-dni-okresu-przejsciowego-w-programie-czyste-powietrze\/\" data-type=\"link\" data-id=\"https:\/\/wfosigw.pl\/przypomnienieostatnie-dni-okresu-przejsciowego-w-programie-czyste-powietrze\/\">LINK<\/a><\/p>\n\n\n\n<p><\/p>\n","protected":false},"excerpt":{"rendered":"<div class=\"mh-excerpt\"><p>Przypominamy, \u017ce do 31 sierpnia 2025 r. trwa okres przej\u015bciowy w programie Czyste Powietrze. To ostatnia szansa, by z\u0142o\u017cy\u0107 wniosek o dofinansowanie na inwestycje rozpocz\u0119te po 28 maja 2024 r., kt\u00f3re nie zosta\u0142y zg\u0142oszone przed <a class=\"mh-excerpt-more\" href=\"https:\/\/nowa.mogielnica.pl\/?p=7168\" title=\"Przypomnienie: Ostatnie dni okresu przej\u015bciowego w programie Czyste Powietrze\">[&#8230;]<\/a><\/p>\n<\/div>","protected":false},"author":4,"featured_media":7169,"comment_status":"closed","ping_status":"open","sticky":false,"template":"","format":"standard","meta":{"footnotes":""},"categories":[3],"tags":[],"class_list":{"0":"post-7168","1":"post","2":"type-post","3":"status-publish","4":"format-standard","5":"has-post-thumbnail","7":"category-aktualnosci"},"_links":{"self":[{"href":"https:\/\/nowa.mogielnica.pl\/index.php?rest_route=\/wp\/v2\/posts\/7168","targetHints":{"allow":["GET"]}}],"collection":[{"href":"https:\/\/nowa.mogielnica.pl\/index.php?rest_route=\/wp\/v2\/posts"}],"about":[{"href":"https:\/\/nowa.mogielnica.pl\/index.php?rest_route=\/wp\/v2\/types\/post"}],"author":[{"embeddable":true,"href":"https:\/\/nowa.mogielnica.pl\/index.php?rest_route=\/wp\/v2\/users\/4"}],"replies":[{"embeddable":true,"href":"https:\/\/nowa.mogielnica.pl\/index.php?rest_route=%2Fwp%2Fv2%2Fcomments&post=7168"}],"version-history":[{"count":2,"href":"https:\/\/nowa.mogielnica.pl\/index.php?rest_route=\/wp\/v2\/posts\/7168\/revisions"}],"predecessor-version":[{"id":7171,"href":"https:\/\/nowa.mogielnica.pl\/index.php?rest_route=\/wp\/v2\/posts\/7168\/revisions\/7171"}],"wp:featuredmedia":[{"embeddable":true,"href":"https:\/\/nowa.mogielnica.pl\/index.php?rest_route=\/wp\/v2\/media\/7169"}],"wp:attachment":[{"href":"https:\/\/nowa.mogielnica.pl\/index.php?rest_route=%2Fwp%2Fv2%2Fmedia&parent=7168"}],"wp:term":[{"taxonomy":"category","embeddable":true,"href":"https:\/\/nowa.mogielnica.pl\/index.php?rest_route=%2Fwp%2Fv2%2Fcategories&post=7168"},{"taxonomy":"post_tag","embeddable":true,"href":"https:\/\/nowa.mogielnica.pl\/index.php?rest_route=%2Fwp%2Fv2%2Ftags&post=7168"}],"curies":[{"name":"wp","href":"https:\/\/api.w.org\/{rel}","templated":true}]}}