{"id":7172,"date":"2025-08-29T11:33:03","date_gmt":"2025-08-29T11:33:03","guid":{"rendered":"https:\/\/nowa.mogielnica.pl\/?p=7172"},"modified":"2025-08-29T11:34:44","modified_gmt":"2025-08-29T11:34:44","slug":"%f0%9f%8e%b8-%f0%9f%8e%b9-uruchamiamy-zapisy-na-nowy-rok-szkolny-na-lekcje-grupowe-gry-na-gitarze-keyboardzie-oraz-wokalne-%f0%9f%8e%b6","status":"publish","type":"post","link":"https:\/\/nowa.mogielnica.pl\/?p=7172","title":{"rendered":"\ud83c\udfb8 \ud83c\udfb9 Uruchamiamy zapisy na nowy rok szkolny na lekcje grupowe gry na gitarze, keyboardzie oraz wokalne  \ud83c\udfb6"},"content":{"rendered":"\n<p>Chcesz nauczy\u0107 si\u0119 gra\u0107 na gitarze lub keyboardzie, lub po\u0107wiczy\u0107 emisj\u0119 g\u0142osu? To idealna okazja dla Ciebie! \ud83c\udfb8\u2728<\/p>\n\n\n\n<p>Zapraszamy dzieci i m\u0142odzie\u017c do zapis\u00f3w na kursy. Pomo\u017cemy Ci rozwin\u0105\u0107 umiej\u0119tno\u015bci muzyczne oraz wokalne, zyska\u0107 pewno\u015b\u0107 siebie i odkry\u0107 rado\u015b\u0107 z grania! \ud83c\udfb5\ud83d\udca5<\/p>\n\n\n\n<p>\ud83d\udc49Dzi\u0119ki wsp\u00f3\u0142pracy z Zespo\u0142em Szk\u00f3\u0142 Og\u00f3lnokszta\u0142c\u0105cych im. Jana Kili\u0144skiego w Mogielnicy oraz Publiczn\u0105 Szko\u0142\u0105 Podstawow\u0105 nr 2 im. J\u00f3zefa Pi\u0142sudskiego w Mogielnicy zaj\u0119cia odbywa\u0107 si\u0119 b\u0119d\u0105 w szko\u0142ach. Lekcje poprowadzi Agnieszka K\u0142ujszo-Ju\u015bcikowska<\/p>\n\n\n\n<p>\ud83d\udcac Szczeg\u00f3\u0142y oraz zapisy mailowo \ud83d\udce7 <a href=\"mailto:imprezy@mogielnica.pl\">imprezy@mogielnica.pl<\/a> lub telefonicznie \u260e\ufe0ftel. 48 663 47 71.<\/p>\n\n\n\n<p><strong>\u203c\ufe0fRuszamy pe\u0142n\u0105 par\u0105 ju\u017c od drugiego tygodnia wrze\u015bnia\ud83d\udc4c<\/strong><\/p>\n\n\n\n<p>Do zobaczenia na lekcjach! \ud83c\udfb6<\/p>\n","protected":false},"excerpt":{"rendered":"<div class=\"mh-excerpt\"><p>Chcesz nauczy\u0107 si\u0119 gra\u0107 na gitarze lub keyboardzie, lub po\u0107wiczy\u0107 emisj\u0119 g\u0142osu? To idealna okazja dla Ciebie! \ud83c\udfb8\u2728 Zapraszamy dzieci i m\u0142odzie\u017c do zapis\u00f3w na kursy. Pomo\u017cemy Ci rozwin\u0105\u0107 umiej\u0119tno\u015bci muzyczne oraz wokalne, zyska\u0107 pewno\u015b\u0107 <a class=\"mh-excerpt-more\" href=\"https:\/\/nowa.mogielnica.pl\/?p=7172\" title=\"\ud83c\udfb8 \ud83c\udfb9 Uruchamiamy zapisy na nowy rok szkolny na lekcje grupowe gry na gitarze, keyboardzie oraz wokalne  \ud83c\udfb6\">[&#8230;]<\/a><\/p>\n<\/div>","protected":false},"author":4,"featured_media":7174,"comment_status":"closed","ping_status":"open","sticky":false,"template":"","format":"standard","meta":{"footnotes":""},"categories":[5],"tags":[],"class_list":{"0":"post-7172","1":"post","2":"type-post","3":"status-publish","4":"format-standard","5":"has-post-thumbnail","7":"category-5"},"_links":{"self":[{"href":"https:\/\/nowa.mogielnica.pl\/index.php?rest_route=\/wp\/v2\/posts\/7172","targetHints":{"allow":["GET"]}}],"collection":[{"href":"https:\/\/nowa.mogielnica.pl\/index.php?rest_route=\/wp\/v2\/posts"}],"about":[{"href":"https:\/\/nowa.mogielnica.pl\/index.php?rest_route=\/wp\/v2\/types\/post"}],"author":[{"embeddable":true,"href":"https:\/\/nowa.mogielnica.pl\/index.php?rest_route=\/wp\/v2\/users\/4"}],"replies":[{"embeddable":true,"href":"https:\/\/nowa.mogielnica.pl\/index.php?rest_route=%2Fwp%2Fv2%2Fcomments&post=7172"}],"version-history":[{"count":2,"href":"https:\/\/nowa.mogielnica.pl\/index.php?rest_route=\/wp\/v2\/posts\/7172\/revisions"}],"predecessor-version":[{"id":7176,"href":"https:\/\/nowa.mogielnica.pl\/index.php?rest_route=\/wp\/v2\/posts\/7172\/revisions\/7176"}],"wp:featuredmedia":[{"embeddable":true,"href":"https:\/\/nowa.mogielnica.pl\/index.php?rest_route=\/wp\/v2\/media\/7174"}],"wp:attachment":[{"href":"https:\/\/nowa.mogielnica.pl\/index.php?rest_route=%2Fwp%2Fv2%2Fmedia&parent=7172"}],"wp:term":[{"taxonomy":"category","embeddable":true,"href":"https:\/\/nowa.mogielnica.pl\/index.php?rest_route=%2Fwp%2Fv2%2Fcategories&post=7172"},{"taxonomy":"post_tag","embeddable":true,"href":"https:\/\/nowa.mogielnica.pl\/index.php?rest_route=%2Fwp%2Fv2%2Ftags&post=7172"}],"curies":[{"name":"wp","href":"https:\/\/api.w.org\/{rel}","templated":true}]}}