{"id":7180,"date":"2025-09-04T06:18:38","date_gmt":"2025-09-04T06:18:38","guid":{"rendered":"https:\/\/nowa.mogielnica.pl\/?p=7180"},"modified":"2025-09-04T06:18:38","modified_gmt":"2025-09-04T06:18:38","slug":"diagnoza-profilaktyczna-na-terenie-gminy-i-miasta-mogielnica","status":"publish","type":"post","link":"https:\/\/nowa.mogielnica.pl\/?p=7180","title":{"rendered":"Diagnoza profilaktyczna na terenie Gminy i Miasta Mogielnica"},"content":{"rendered":"\n<p>Szanowni Pa\u0144stwo,<\/p>\n\n\n\n<p>Gmina Mogielnica realizuje badanie spo\u0142eczne na rzecz opracowania&nbsp;<em>Diagnozy profilaktycznej na terenie Gminy i Miasta Mogielnica<\/em>.<em>&nbsp;<\/em>W zwi\u0105zku z tym, prosimy o wype\u0142nienie anonimowej ankiety \u2013 Pa\u0144stwa spostrze\u017cenia pomog\u0105 w przygotowaniu istotnego dokumentu dla naszej Gminy, s\u0142u\u017c\u0105cego rozwi\u0105zywaniu problem\u00f3w, z jakimi borykaj\u0105 si\u0119 mieszka\u0144cy, a tak\u017ce zaplanowaniu odpowiednich dzia\u0142a\u0144 prewencyjnych.<\/p>\n\n\n\n<p>Ankiet\u0119 mo\u017cna wype\u0142ni\u0107 za po\u015brednictwem telefonu kom\u00f3rkowego, komputera, czy innych urz\u0105dze\u0144 elektronicznych, kt\u00f3re posiadaj\u0105 dost\u0119p do Internetu.<\/p>\n\n\n\n<p><strong>Link do ankiety dla pe\u0142noletnich mieszka\u0144c\u00f3w:<\/strong><\/p>\n\n\n\n<p class=\"has-large-font-size\"><a href=\"https:\/\/mogielnicamieszkancy.webankieta.pl\/\" data-type=\"link\" data-id=\"https:\/\/mogielnicamieszkancy.webankieta.pl\/\"><strong>ANKIETA<\/strong><\/a><\/p>\n\n\n\n<p>Dzi\u0119kujemy za udzia\u0142 w badaniu ankietowym.<\/p>\n\n\n\n<p><\/p>\n","protected":false},"excerpt":{"rendered":"<div class=\"mh-excerpt\"><p>Szanowni Pa\u0144stwo, Gmina Mogielnica realizuje badanie spo\u0142eczne na rzecz opracowania&nbsp;Diagnozy profilaktycznej na terenie Gminy i Miasta Mogielnica.&nbsp;W zwi\u0105zku z tym, prosimy o wype\u0142nienie anonimowej ankiety \u2013 Pa\u0144stwa spostrze\u017cenia pomog\u0105 w przygotowaniu istotnego dokumentu dla naszej <a class=\"mh-excerpt-more\" href=\"https:\/\/nowa.mogielnica.pl\/?p=7180\" title=\"Diagnoza profilaktyczna na terenie Gminy i Miasta Mogielnica\">[&#8230;]<\/a><\/p>\n<\/div>","protected":false},"author":4,"featured_media":1069,"comment_status":"closed","ping_status":"open","sticky":false,"template":"","format":"standard","meta":{"footnotes":""},"categories":[3],"tags":[],"class_list":{"0":"post-7180","1":"post","2":"type-post","3":"status-publish","4":"format-standard","5":"has-post-thumbnail","7":"category-aktualnosci"},"_links":{"self":[{"href":"https:\/\/nowa.mogielnica.pl\/index.php?rest_route=\/wp\/v2\/posts\/7180","targetHints":{"allow":["GET"]}}],"collection":[{"href":"https:\/\/nowa.mogielnica.pl\/index.php?rest_route=\/wp\/v2\/posts"}],"about":[{"href":"https:\/\/nowa.mogielnica.pl\/index.php?rest_route=\/wp\/v2\/types\/post"}],"author":[{"embeddable":true,"href":"https:\/\/nowa.mogielnica.pl\/index.php?rest_route=\/wp\/v2\/users\/4"}],"replies":[{"embeddable":true,"href":"https:\/\/nowa.mogielnica.pl\/index.php?rest_route=%2Fwp%2Fv2%2Fcomments&post=7180"}],"version-history":[{"count":1,"href":"https:\/\/nowa.mogielnica.pl\/index.php?rest_route=\/wp\/v2\/posts\/7180\/revisions"}],"predecessor-version":[{"id":7181,"href":"https:\/\/nowa.mogielnica.pl\/index.php?rest_route=\/wp\/v2\/posts\/7180\/revisions\/7181"}],"wp:featuredmedia":[{"embeddable":true,"href":"https:\/\/nowa.mogielnica.pl\/index.php?rest_route=\/wp\/v2\/media\/1069"}],"wp:attachment":[{"href":"https:\/\/nowa.mogielnica.pl\/index.php?rest_route=%2Fwp%2Fv2%2Fmedia&parent=7180"}],"wp:term":[{"taxonomy":"category","embeddable":true,"href":"https:\/\/nowa.mogielnica.pl\/index.php?rest_route=%2Fwp%2Fv2%2Fcategories&post=7180"},{"taxonomy":"post_tag","embeddable":true,"href":"https:\/\/nowa.mogielnica.pl\/index.php?rest_route=%2Fwp%2Fv2%2Ftags&post=7180"}],"curies":[{"name":"wp","href":"https:\/\/api.w.org\/{rel}","templated":true}]}}