{"id":7643,"date":"2025-12-17T08:22:59","date_gmt":"2025-12-17T08:22:59","guid":{"rendered":"https:\/\/nowa.mogielnica.pl\/?p=7643"},"modified":"2025-12-17T11:50:06","modified_gmt":"2025-12-17T11:50:06","slug":"o-g-l-o-s-z-e-n-i-e-4","status":"publish","type":"post","link":"https:\/\/nowa.mogielnica.pl\/?p=7643","title":{"rendered":"Og\u0142oszenie"},"content":{"rendered":"\n<p><strong>Burmistrza Gminy i Miasta Mogielnica<\/strong><\/p>\n\n\n\n<p>Na podstawie art. 35 ustawy z dnia 21 sierpnia 1997r. o gospodarce nieruchomo\u015bciami (t. j. Dz. U. z 2024r. poz. 1145 ze zmianami)<\/p>\n\n\n\n<p><strong>p o d a j e<\/strong><\/p>\n\n\n\n<p><strong>do publicznej wiadomo\u015bci wykaz nieruchomo\u015bci przeznaczonych do u\u017cyczenia:<\/strong><\/p>\n\n\n\n<p><strong>I . Mogielnica dz. nr 557\/1 o pow. 3,8927 ha, dla kt\u00f3rych S\u0105d Rejonowy w Gr\u00f3jcu prowadzi ksi\u0119g\u0119 wieczyst\u0105 KW RA1G\/00036206\/9 w sk\u0142ad kt\u00f3rej wchodz\u0105:<\/strong><\/p>\n\n\n\n<p><strong>-zbiornik wodny wraz z obwa\u0142owaniem o pow. 3,38927 ha,<\/strong><\/p>\n\n\n\n<p><strong>&#8211; budowle tj. urz\u0105dzenia przepompowni wody i mnich spustowy z odp\u0142ywem.<\/strong><\/p>\n\n\n\n<div class=\"wp-block-file\"><a id=\"wp-block-file--media-6f3e07b1-77d3-4130-aab5-e9acbe873b50\" href=\"https:\/\/nowa.mogielnica.pl\/wp-content\/uploads\/2025\/12\/O-G-L-O-S-Z-E-N-I-E-wykaz-nieruchomosci-do-uzyczenia.docx\">O G \u0141 O S Z E N I E-wykaz nieruchomo\u015bci do u\u017cyczenia<\/a><a href=\"https:\/\/nowa.mogielnica.pl\/wp-content\/uploads\/2025\/12\/O-G-L-O-S-Z-E-N-I-E-wykaz-nieruchomosci-do-uzyczenia.docx\" class=\"wp-block-file__button wp-element-button\" download aria-describedby=\"wp-block-file--media-6f3e07b1-77d3-4130-aab5-e9acbe873b50\">Pobierz<\/a><\/div>\n","protected":false},"excerpt":{"rendered":"<div class=\"mh-excerpt\"><p>Burmistrza Gminy i Miasta Mogielnica Na podstawie art. 35 ustawy z dnia 21 sierpnia 1997r. o gospodarce nieruchomo\u015bciami (t. j. Dz. U. z 2024r. poz. 1145 ze zmianami) p o d a j e do <a class=\"mh-excerpt-more\" href=\"https:\/\/nowa.mogielnica.pl\/?p=7643\" title=\"Og\u0142oszenie\">[&#8230;]<\/a><\/p>\n<\/div>","protected":false},"author":4,"featured_media":7546,"comment_status":"closed","ping_status":"open","sticky":false,"template":"","format":"standard","meta":{"footnotes":""},"categories":[3],"tags":[],"class_list":{"0":"post-7643","1":"post","2":"type-post","3":"status-publish","4":"format-standard","5":"has-post-thumbnail","7":"category-aktualnosci"},"_links":{"self":[{"href":"https:\/\/nowa.mogielnica.pl\/index.php?rest_route=\/wp\/v2\/posts\/7643","targetHints":{"allow":["GET"]}}],"collection":[{"href":"https:\/\/nowa.mogielnica.pl\/index.php?rest_route=\/wp\/v2\/posts"}],"about":[{"href":"https:\/\/nowa.mogielnica.pl\/index.php?rest_route=\/wp\/v2\/types\/post"}],"author":[{"embeddable":true,"href":"https:\/\/nowa.mogielnica.pl\/index.php?rest_route=\/wp\/v2\/users\/4"}],"replies":[{"embeddable":true,"href":"https:\/\/nowa.mogielnica.pl\/index.php?rest_route=%2Fwp%2Fv2%2Fcomments&post=7643"}],"version-history":[{"count":2,"href":"https:\/\/nowa.mogielnica.pl\/index.php?rest_route=\/wp\/v2\/posts\/7643\/revisions"}],"predecessor-version":[{"id":7649,"href":"https:\/\/nowa.mogielnica.pl\/index.php?rest_route=\/wp\/v2\/posts\/7643\/revisions\/7649"}],"wp:featuredmedia":[{"embeddable":true,"href":"https:\/\/nowa.mogielnica.pl\/index.php?rest_route=\/wp\/v2\/media\/7546"}],"wp:attachment":[{"href":"https:\/\/nowa.mogielnica.pl\/index.php?rest_route=%2Fwp%2Fv2%2Fmedia&parent=7643"}],"wp:term":[{"taxonomy":"category","embeddable":true,"href":"https:\/\/nowa.mogielnica.pl\/index.php?rest_route=%2Fwp%2Fv2%2Fcategories&post=7643"},{"taxonomy":"post_tag","embeddable":true,"href":"https:\/\/nowa.mogielnica.pl\/index.php?rest_route=%2Fwp%2Fv2%2Ftags&post=7643"}],"curies":[{"name":"wp","href":"https:\/\/api.w.org\/{rel}","templated":true}]}}