{"id":7735,"date":"2026-01-22T08:55:47","date_gmt":"2026-01-22T08:55:47","guid":{"rendered":"https:\/\/nowa.mogielnica.pl\/?p=7735"},"modified":"2026-01-22T08:55:48","modified_gmt":"2026-01-22T08:55:48","slug":"nowy-autobus-dla-dzieci-z-gminy-mogielnica","status":"publish","type":"post","link":"https:\/\/nowa.mogielnica.pl\/?p=7735","title":{"rendered":"Nowy autobus dla dzieci z Gminy Mogielnica!"},"content":{"rendered":"\n<p>Gmina Mogielnica wzbogaci\u0142a si\u0119 o nowy autobus Mercedes-Benz Sprinter, kt\u00f3ry b\u0119dzie s\u0142u\u017cy\u0142 do przewozu dzieci szkolnych oraz os\u00f3b z niepe\u0142nosprawno\u015bciami.<\/p>\n\n\n\n<figure class=\"wp-block-image size-large\"><img loading=\"lazy\" decoding=\"async\" width=\"1024\" height=\"768\" src=\"https:\/\/nowa.mogielnica.pl\/wp-content\/uploads\/2026\/01\/WhatsApp-Image-2026-01-20-at-11.50.50-1024x768.jpeg\" alt=\"\" class=\"wp-image-7737\" srcset=\"https:\/\/nowa.mogielnica.pl\/wp-content\/uploads\/2026\/01\/WhatsApp-Image-2026-01-20-at-11.50.50-1024x768.jpeg 1024w, https:\/\/nowa.mogielnica.pl\/wp-content\/uploads\/2026\/01\/WhatsApp-Image-2026-01-20-at-11.50.50-300x225.jpeg 300w, https:\/\/nowa.mogielnica.pl\/wp-content\/uploads\/2026\/01\/WhatsApp-Image-2026-01-20-at-11.50.50-768x576.jpeg 768w, https:\/\/nowa.mogielnica.pl\/wp-content\/uploads\/2026\/01\/WhatsApp-Image-2026-01-20-at-11.50.50-1536x1152.jpeg 1536w, https:\/\/nowa.mogielnica.pl\/wp-content\/uploads\/2026\/01\/WhatsApp-Image-2026-01-20-at-11.50.50-678x509.jpeg 678w, https:\/\/nowa.mogielnica.pl\/wp-content\/uploads\/2026\/01\/WhatsApp-Image-2026-01-20-at-11.50.50-326x245.jpeg 326w, https:\/\/nowa.mogielnica.pl\/wp-content\/uploads\/2026\/01\/WhatsApp-Image-2026-01-20-at-11.50.50-80x60.jpeg 80w, https:\/\/nowa.mogielnica.pl\/wp-content\/uploads\/2026\/01\/WhatsApp-Image-2026-01-20-at-11.50.50.jpeg 1600w\" sizes=\"auto, (max-width: 1024px) 100vw, 1024px\" \/><\/figure>\n\n\n\n<p><br>Pojazd posiada 21 miejsc siedz\u0105cych i jest w pe\u0142ni przystosowany do przewozu os\u00f3b poruszaj\u0105cych si\u0119 na w\u00f3zkach inwalidzkich, co znacz\u0105co poprawi komfort i bezpiecze\u0144stwo codziennych przejazd\u00f3w.<\/p>\n\n\n\n<figure class=\"wp-block-image size-large\"><img loading=\"lazy\" decoding=\"async\" width=\"1024\" height=\"768\" src=\"https:\/\/nowa.mogielnica.pl\/wp-content\/uploads\/2026\/01\/WhatsApp-Image-2026-01-20-at-11.50.41-1024x768.jpeg\" alt=\"\" class=\"wp-image-7738\" srcset=\"https:\/\/nowa.mogielnica.pl\/wp-content\/uploads\/2026\/01\/WhatsApp-Image-2026-01-20-at-11.50.41-1024x768.jpeg 1024w, https:\/\/nowa.mogielnica.pl\/wp-content\/uploads\/2026\/01\/WhatsApp-Image-2026-01-20-at-11.50.41-300x225.jpeg 300w, https:\/\/nowa.mogielnica.pl\/wp-content\/uploads\/2026\/01\/WhatsApp-Image-2026-01-20-at-11.50.41-768x576.jpeg 768w, https:\/\/nowa.mogielnica.pl\/wp-content\/uploads\/2026\/01\/WhatsApp-Image-2026-01-20-at-11.50.41-1536x1152.jpeg 1536w, https:\/\/nowa.mogielnica.pl\/wp-content\/uploads\/2026\/01\/WhatsApp-Image-2026-01-20-at-11.50.41-678x509.jpeg 678w, https:\/\/nowa.mogielnica.pl\/wp-content\/uploads\/2026\/01\/WhatsApp-Image-2026-01-20-at-11.50.41-326x245.jpeg 326w, https:\/\/nowa.mogielnica.pl\/wp-content\/uploads\/2026\/01\/WhatsApp-Image-2026-01-20-at-11.50.41-80x60.jpeg 80w, https:\/\/nowa.mogielnica.pl\/wp-content\/uploads\/2026\/01\/WhatsApp-Image-2026-01-20-at-11.50.41.jpeg 1600w\" sizes=\"auto, (max-width: 1024px) 100vw, 1024px\" \/><\/figure>\n\n\n\n<p><br>Ca\u0142kowity koszt zakupu wyni\u00f3s\u0142 398 889,00 z\u0142, z czego a\u017c 75% warto\u015bci (299 166,75 z\u0142) stanowi\u0142o dofinansowanie ze \u015brodk\u00f3w Pa\u0144stwowego Funduszu Rehabilitacji Os\u00f3b Niepe\u0142nosprawnych (PFRON) w ramach programu \u201eWyr\u00f3wnywanie r\u00f3\u017cnic mi\u0119dzy regionami III\u201d \u2013 edycja 2025.<\/p>\n\n\n\n<figure class=\"wp-block-image size-large\"><img loading=\"lazy\" decoding=\"async\" width=\"1024\" height=\"768\" src=\"https:\/\/nowa.mogielnica.pl\/wp-content\/uploads\/2026\/01\/WhatsApp-Image-2026-01-20-at-11.51.12-1024x768.jpeg\" alt=\"\" class=\"wp-image-7739\" srcset=\"https:\/\/nowa.mogielnica.pl\/wp-content\/uploads\/2026\/01\/WhatsApp-Image-2026-01-20-at-11.51.12-1024x768.jpeg 1024w, https:\/\/nowa.mogielnica.pl\/wp-content\/uploads\/2026\/01\/WhatsApp-Image-2026-01-20-at-11.51.12-300x225.jpeg 300w, https:\/\/nowa.mogielnica.pl\/wp-content\/uploads\/2026\/01\/WhatsApp-Image-2026-01-20-at-11.51.12-768x576.jpeg 768w, https:\/\/nowa.mogielnica.pl\/wp-content\/uploads\/2026\/01\/WhatsApp-Image-2026-01-20-at-11.51.12-1536x1152.jpeg 1536w, https:\/\/nowa.mogielnica.pl\/wp-content\/uploads\/2026\/01\/WhatsApp-Image-2026-01-20-at-11.51.12-678x509.jpeg 678w, https:\/\/nowa.mogielnica.pl\/wp-content\/uploads\/2026\/01\/WhatsApp-Image-2026-01-20-at-11.51.12-326x245.jpeg 326w, https:\/\/nowa.mogielnica.pl\/wp-content\/uploads\/2026\/01\/WhatsApp-Image-2026-01-20-at-11.51.12-80x60.jpeg 80w, https:\/\/nowa.mogielnica.pl\/wp-content\/uploads\/2026\/01\/WhatsApp-Image-2026-01-20-at-11.51.12.jpeg 1600w\" sizes=\"auto, (max-width: 1024px) 100vw, 1024px\" \/><\/figure>\n\n\n\n<p><br>Wniosek o dofinansowanie zosta\u0142 z\u0142o\u017cony za po\u015brednictwem Powiatu Gr\u00f3jeckiego.<br>Nowy autobus zast\u0105pi dotychczasowy, 19-letni pojazd, u\u017cytkowany przez gmin\u0119.<br>Ju\u017c wkr\u00f3tce wyjedzie na drogi Gminy Mogielnica jako\u015b\u0107 gminnego transportu.<\/p>\n\n\n\n<p><\/p>\n\n\n\n<p><\/p>\n","protected":false},"excerpt":{"rendered":"<div class=\"mh-excerpt\"><p>Gmina Mogielnica wzbogaci\u0142a si\u0119 o nowy autobus Mercedes-Benz Sprinter, kt\u00f3ry b\u0119dzie s\u0142u\u017cy\u0142 do przewozu dzieci szkolnych oraz os\u00f3b z niepe\u0142nosprawno\u015bciami. Pojazd posiada 21 miejsc siedz\u0105cych i jest w pe\u0142ni przystosowany do przewozu os\u00f3b poruszaj\u0105cych si\u0119 <a class=\"mh-excerpt-more\" href=\"https:\/\/nowa.mogielnica.pl\/?p=7735\" title=\"Nowy autobus dla dzieci z Gminy Mogielnica!\">[&#8230;]<\/a><\/p>\n<\/div>","protected":false},"author":4,"featured_media":7736,"comment_status":"closed","ping_status":"open","sticky":false,"template":"","format":"standard","meta":{"footnotes":""},"categories":[3],"tags":[],"class_list":{"0":"post-7735","1":"post","2":"type-post","3":"status-publish","4":"format-standard","5":"has-post-thumbnail","7":"category-aktualnosci"},"_links":{"self":[{"href":"https:\/\/nowa.mogielnica.pl\/index.php?rest_route=\/wp\/v2\/posts\/7735","targetHints":{"allow":["GET"]}}],"collection":[{"href":"https:\/\/nowa.mogielnica.pl\/index.php?rest_route=\/wp\/v2\/posts"}],"about":[{"href":"https:\/\/nowa.mogielnica.pl\/index.php?rest_route=\/wp\/v2\/types\/post"}],"author":[{"embeddable":true,"href":"https:\/\/nowa.mogielnica.pl\/index.php?rest_route=\/wp\/v2\/users\/4"}],"replies":[{"embeddable":true,"href":"https:\/\/nowa.mogielnica.pl\/index.php?rest_route=%2Fwp%2Fv2%2Fcomments&post=7735"}],"version-history":[{"count":1,"href":"https:\/\/nowa.mogielnica.pl\/index.php?rest_route=\/wp\/v2\/posts\/7735\/revisions"}],"predecessor-version":[{"id":7740,"href":"https:\/\/nowa.mogielnica.pl\/index.php?rest_route=\/wp\/v2\/posts\/7735\/revisions\/7740"}],"wp:featuredmedia":[{"embeddable":true,"href":"https:\/\/nowa.mogielnica.pl\/index.php?rest_route=\/wp\/v2\/media\/7736"}],"wp:attachment":[{"href":"https:\/\/nowa.mogielnica.pl\/index.php?rest_route=%2Fwp%2Fv2%2Fmedia&parent=7735"}],"wp:term":[{"taxonomy":"category","embeddable":true,"href":"https:\/\/nowa.mogielnica.pl\/index.php?rest_route=%2Fwp%2Fv2%2Fcategories&post=7735"},{"taxonomy":"post_tag","embeddable":true,"href":"https:\/\/nowa.mogielnica.pl\/index.php?rest_route=%2Fwp%2Fv2%2Ftags&post=7735"}],"curies":[{"name":"wp","href":"https:\/\/api.w.org\/{rel}","templated":true}]}}