{"id":7744,"date":"2026-01-23T08:20:10","date_gmt":"2026-01-23T08:20:10","guid":{"rendered":"https:\/\/nowa.mogielnica.pl\/?p=7744"},"modified":"2026-01-23T08:24:27","modified_gmt":"2026-01-23T08:24:27","slug":"drodzy-seniorzy-zapraszamy-do-wypelnienia-ankiety","status":"publish","type":"post","link":"https:\/\/nowa.mogielnica.pl\/?p=7744","title":{"rendered":"Drodzy Seniorzy, zapraszamy do wype\u0142nienia ankiety"},"content":{"rendered":"\n<figure class=\"wp-block-image size-large\"><img loading=\"lazy\" decoding=\"async\" width=\"683\" height=\"1024\" src=\"https:\/\/nowa.mogielnica.pl\/wp-content\/uploads\/2026\/01\/ChatGPT-Image-23-sty-2026-09_13_16-683x1024.png\" alt=\"\" class=\"wp-image-7745\" srcset=\"https:\/\/nowa.mogielnica.pl\/wp-content\/uploads\/2026\/01\/ChatGPT-Image-23-sty-2026-09_13_16-683x1024.png 683w, https:\/\/nowa.mogielnica.pl\/wp-content\/uploads\/2026\/01\/ChatGPT-Image-23-sty-2026-09_13_16-200x300.png 200w, https:\/\/nowa.mogielnica.pl\/wp-content\/uploads\/2026\/01\/ChatGPT-Image-23-sty-2026-09_13_16-768x1152.png 768w, https:\/\/nowa.mogielnica.pl\/wp-content\/uploads\/2026\/01\/ChatGPT-Image-23-sty-2026-09_13_16.png 1024w\" sizes=\"auto, (max-width: 683px) 100vw, 683px\" \/><\/figure>\n\n\n\n<p>Gminna Rada Senior\u00f3w w Mogielnicy zaprasza wszystkich senior\u00f3w do udzia\u0142u w kr\u00f3tkiej, anonimowej ankiecie. Chcemy lepiej pozna\u0107 Pa\u0144stwa potrzeby i oczekiwania, aby dzia\u0142ania podejmowane w naszej gminie by\u0142y jak najlepiej dopasowane do codziennego \u017cycia os\u00f3b starszych.<\/p>\n\n\n\n<p>Ankieta dotyczy m.in. zdrowia, bezpiecze\u0144stwa, aktywno\u015bci, spotka\u0144, edukacji oraz codziennego wsparcia. Jej wype\u0142nienie zajmuje tylko kilka minut, a ka\u017cda odpowied\u017a jest dla nas bardzo cenna.<\/p>\n\n\n\n<h3 class=\"wp-block-heading\"><strong>Gdzie mo\u017cna wype\u0142ni\u0107 ankiet\u0119?<\/strong><\/h3>\n\n\n\n<ul class=\"wp-block-list\">\n<li>SPZOZ w Mogielnicy<\/li>\n\n\n\n<li>GOPS w Mogielnicy<\/li>\n\n\n\n<li>Urz\u0105d Gminy i Miasta w Mogielnicy<\/li>\n\n\n\n<li>Biblioteka<\/li>\n\n\n\n<li>podczas wydarze\u0144 organizowanych przez <strong>MGOKiBS<\/strong><\/li>\n\n\n\n<li><strong>apteki na terenie Mogielnicy<\/strong><\/li>\n<\/ul>\n\n\n\n<p>W wybranych miejscach dost\u0119pna jest pomoc pracownik\u00f3w lub wolontariuszy.<\/p>\n\n\n\n<p>Serdecznie dzi\u0119kujemy za udzia\u0142 i po\u015bwi\u0119cony czas.<br><strong>Wsp\u00f3lnie mo\u017cemy zadba\u0107 o lepsze \u017cycie senior\u00f3w w Gminie Mogielnica.<\/strong><\/p>\n\n\n\n<div class=\"wp-block-file\"><a id=\"wp-block-file--media-ad3b1dba-549d-40d9-82d5-be4f29a55727\" href=\"https:\/\/nowa.mogielnica.pl\/wp-content\/uploads\/2026\/01\/ANKIETA-DLA-SENIOROW.docx\">ANKIETA DLA SENIOR\u00d3W<\/a><a href=\"https:\/\/nowa.mogielnica.pl\/wp-content\/uploads\/2026\/01\/ANKIETA-DLA-SENIOROW.docx\" class=\"wp-block-file__button wp-element-button\" download aria-describedby=\"wp-block-file--media-ad3b1dba-549d-40d9-82d5-be4f29a55727\">Pobierz<\/a><\/div>\n","protected":false},"excerpt":{"rendered":"<div class=\"mh-excerpt\"><p>Gminna Rada Senior\u00f3w w Mogielnicy zaprasza wszystkich senior\u00f3w do udzia\u0142u w kr\u00f3tkiej, anonimowej ankiecie. Chcemy lepiej pozna\u0107 Pa\u0144stwa potrzeby i oczekiwania, aby dzia\u0142ania podejmowane w naszej gminie by\u0142y jak najlepiej dopasowane do codziennego \u017cycia os\u00f3b <a class=\"mh-excerpt-more\" href=\"https:\/\/nowa.mogielnica.pl\/?p=7744\" title=\"Drodzy Seniorzy, zapraszamy do wype\u0142nienia ankiety\">[&#8230;]<\/a><\/p>\n<\/div>","protected":false},"author":4,"featured_media":7746,"comment_status":"closed","ping_status":"open","sticky":false,"template":"","format":"standard","meta":{"footnotes":""},"categories":[3],"tags":[],"class_list":{"0":"post-7744","1":"post","2":"type-post","3":"status-publish","4":"format-standard","5":"has-post-thumbnail","7":"category-aktualnosci"},"_links":{"self":[{"href":"https:\/\/nowa.mogielnica.pl\/index.php?rest_route=\/wp\/v2\/posts\/7744","targetHints":{"allow":["GET"]}}],"collection":[{"href":"https:\/\/nowa.mogielnica.pl\/index.php?rest_route=\/wp\/v2\/posts"}],"about":[{"href":"https:\/\/nowa.mogielnica.pl\/index.php?rest_route=\/wp\/v2\/types\/post"}],"author":[{"embeddable":true,"href":"https:\/\/nowa.mogielnica.pl\/index.php?rest_route=\/wp\/v2\/users\/4"}],"replies":[{"embeddable":true,"href":"https:\/\/nowa.mogielnica.pl\/index.php?rest_route=%2Fwp%2Fv2%2Fcomments&post=7744"}],"version-history":[{"count":2,"href":"https:\/\/nowa.mogielnica.pl\/index.php?rest_route=\/wp\/v2\/posts\/7744\/revisions"}],"predecessor-version":[{"id":7749,"href":"https:\/\/nowa.mogielnica.pl\/index.php?rest_route=\/wp\/v2\/posts\/7744\/revisions\/7749"}],"wp:featuredmedia":[{"embeddable":true,"href":"https:\/\/nowa.mogielnica.pl\/index.php?rest_route=\/wp\/v2\/media\/7746"}],"wp:attachment":[{"href":"https:\/\/nowa.mogielnica.pl\/index.php?rest_route=%2Fwp%2Fv2%2Fmedia&parent=7744"}],"wp:term":[{"taxonomy":"category","embeddable":true,"href":"https:\/\/nowa.mogielnica.pl\/index.php?rest_route=%2Fwp%2Fv2%2Fcategories&post=7744"},{"taxonomy":"post_tag","embeddable":true,"href":"https:\/\/nowa.mogielnica.pl\/index.php?rest_route=%2Fwp%2Fv2%2Ftags&post=7744"}],"curies":[{"name":"wp","href":"https:\/\/api.w.org\/{rel}","templated":true}]}}