{"id":7949,"date":"2026-03-10T10:37:18","date_gmt":"2026-03-10T10:37:18","guid":{"rendered":"https:\/\/nowa.mogielnica.pl\/?p=7949"},"modified":"2026-03-13T09:58:24","modified_gmt":"2026-03-13T09:58:24","slug":"strategia-rozwoju-gminy-mogielnica-na-lata-2026-2036-spotkania-warsztatowe","status":"publish","type":"post","link":"https:\/\/nowa.mogielnica.pl\/?p=7949","title":{"rendered":"Strategia Rozwoju Gminy Mogielnica na lata 2026\u20132036 &#8211; spotkania warsztatowe"},"content":{"rendered":"\n<p><strong>Szanowni Pa\u0144stwo,<\/strong><br>w zwi\u0105zku z pracami nad przygotowaniem dokumentu \u201eStrategia Rozwoju Gminy<br>Mogielnica na lata 2026\u20132036\u201d, uprzejmie zapraszamy Pa\u0144stwa do udzia\u0142u<br>w spotkaniach warsztatowych. Spotkania odb\u0119d\u0105 si\u0119:<\/p>\n\n\n\n<figure class=\"wp-block-gallery has-nested-images columns-default is-cropped wp-block-gallery-1 is-layout-flex wp-block-gallery-is-layout-flex\">\n<figure class=\"wp-block-image size-large\"><img loading=\"lazy\" decoding=\"async\" width=\"724\" height=\"1024\" data-id=\"8029\" src=\"https:\/\/nowa.mogielnica.pl\/wp-content\/uploads\/2026\/03\/facebook_1773395215214_7438158644754405747-724x1024.jpg\" alt=\"\" class=\"wp-image-8029\" srcset=\"https:\/\/nowa.mogielnica.pl\/wp-content\/uploads\/2026\/03\/facebook_1773395215214_7438158644754405747-724x1024.jpg 724w, https:\/\/nowa.mogielnica.pl\/wp-content\/uploads\/2026\/03\/facebook_1773395215214_7438158644754405747-212x300.jpg 212w, https:\/\/nowa.mogielnica.pl\/wp-content\/uploads\/2026\/03\/facebook_1773395215214_7438158644754405747-768x1087.jpg 768w, https:\/\/nowa.mogielnica.pl\/wp-content\/uploads\/2026\/03\/facebook_1773395215214_7438158644754405747-1085x1536.jpg 1085w, https:\/\/nowa.mogielnica.pl\/wp-content\/uploads\/2026\/03\/facebook_1773395215214_7438158644754405747.jpg 1447w\" sizes=\"auto, (max-width: 724px) 100vw, 724px\" \/><\/figure>\n<\/figure>\n\n\n\n<p><br><strong>16 marca 2026 roku (poniedzia\u0142ek) o godz. 17:00:<\/strong><br>&#8211; w sali obrad Urz\u0119du Gminy i Miasta Mogielnica oraz<br>&#8211; w Budynku OSP w Tomczycach.<\/p>\n\n\n\n<p><br><strong>18 marca 2026 roku (\u015broda) o godz. 17:00:<\/strong><br>&#8211; w Budynku OSP w Dziarnowie oraz<br>&#8211; w \u015bwietlicy wiejskiej w Wodzicznej.<\/p>\n\n\n\n<p>Zapraszamy do udzia\u0142u w kt\u00f3rym\u015b z powy\u017cszych spotka\u0144 w terminie i miejscu<br>dogodnym dla Pa\u0144stwa. Celem spotka\u0144 jest przeprowadzenie dyskusji nad aktualn\u0105<br>sytuacj\u0105 gminy, identyfikacja kluczowych szans i zagro\u017ce\u0144 oraz zebranie opinii<br>dotycz\u0105cych kierunk\u00f3w jej rozwoju na najbli\u017csze 10 lat.<\/p>\n\n\n\n<p><br>Zwa\u017cywszy na wag\u0119 przedmiotowej tematyki oraz znaczenie wk\u0142adu ka\u017cdego<br>z Pa\u0144stwa w proces decyzyjny zach\u0119camy do aktywnego uczestnictwa w spotkaniu.<\/p>\n\n\n\n<p><br>Za\u0142\u0105czamy kr\u00f3tk\u0105 informacje o tym Czym jest dokument Strategii Rozwoju Gminy<br>(Za\u0142\u0105cznik 1.). Prosimy r\u00f3wnie\u017c o wcze\u015bniejsze przygotowanie si\u0119 do dyskusji oraz<br>wype\u0142nienie za\u0142\u0105czonej karty pracy (Za\u0142\u0105cznik 2).<\/p>\n\n\n\n<p><br><strong>Telefon: 794 776 467 lub 511 017 935<br>Email: grinis@grinis.pl lub biuro@grinis.pl<\/strong><\/p>\n\n\n\n<p class=\"has-medium-font-size\"><strong><a href=\"https:\/\/grinis.pl\/ankieta-srg-gmina-mogielnica\/\" data-type=\"link\" data-id=\"https:\/\/grinis.pl\/ankieta-srg-gmina-mogielnica\/\">ANKIETA &#8211; WYPE\u0141NIJ<\/a><\/strong><\/p>\n\n\n\n<p>Wydrukuj (poni\u017cej)<\/p>\n\n\n\n<div data-wp-interactive=\"core\/file\" class=\"wp-block-file\"><object data-wp-bind--hidden=\"!state.hasPdfPreview\" hidden class=\"wp-block-file__embed\" data=\"https:\/\/nowa.mogielnica.pl\/wp-content\/uploads\/2026\/03\/Papierowa-wersja-ankiety-STR-Mogielnica.pdf\" type=\"application\/pdf\" style=\"width:100%;height:600px\" aria-label=\"Osadzone z Papierowa wersja ankiety STR Mogielnica.\"><\/object><a id=\"wp-block-file--media-82187629-7097-444e-9834-7652af424e67\" href=\"https:\/\/nowa.mogielnica.pl\/wp-content\/uploads\/2026\/03\/Papierowa-wersja-ankiety-STR-Mogielnica.pdf\">Papierowa wersja ankiety STR Mogielnica<\/a><a href=\"https:\/\/nowa.mogielnica.pl\/wp-content\/uploads\/2026\/03\/Papierowa-wersja-ankiety-STR-Mogielnica.pdf\" class=\"wp-block-file__button wp-element-button\" download aria-describedby=\"wp-block-file--media-82187629-7097-444e-9834-7652af424e67\">Pobierz<\/a><\/div>\n\n\n\n<p><\/p>\n\n\n\n<p> <\/p>\n","protected":false},"excerpt":{"rendered":"<div class=\"mh-excerpt\"><p>Szanowni Pa\u0144stwo,w zwi\u0105zku z pracami nad przygotowaniem dokumentu \u201eStrategia Rozwoju GminyMogielnica na lata 2026\u20132036\u201d, uprzejmie zapraszamy Pa\u0144stwa do udzia\u0142uw spotkaniach warsztatowych. Spotkania odb\u0119d\u0105 si\u0119: 16 marca 2026 roku (poniedzia\u0142ek) o godz. 17:00:&#8211; w sali obrad <a class=\"mh-excerpt-more\" href=\"https:\/\/nowa.mogielnica.pl\/?p=7949\" title=\"Strategia Rozwoju Gminy Mogielnica na lata 2026\u20132036 &#8211; spotkania warsztatowe\">[&#8230;]<\/a><\/p>\n<\/div>","protected":false},"author":4,"featured_media":8030,"comment_status":"closed","ping_status":"open","sticky":false,"template":"","format":"standard","meta":{"footnotes":""},"categories":[3],"tags":[],"class_list":{"0":"post-7949","1":"post","2":"type-post","3":"status-publish","4":"format-standard","5":"has-post-thumbnail","7":"category-aktualnosci"},"_links":{"self":[{"href":"https:\/\/nowa.mogielnica.pl\/index.php?rest_route=\/wp\/v2\/posts\/7949","targetHints":{"allow":["GET"]}}],"collection":[{"href":"https:\/\/nowa.mogielnica.pl\/index.php?rest_route=\/wp\/v2\/posts"}],"about":[{"href":"https:\/\/nowa.mogielnica.pl\/index.php?rest_route=\/wp\/v2\/types\/post"}],"author":[{"embeddable":true,"href":"https:\/\/nowa.mogielnica.pl\/index.php?rest_route=\/wp\/v2\/users\/4"}],"replies":[{"embeddable":true,"href":"https:\/\/nowa.mogielnica.pl\/index.php?rest_route=%2Fwp%2Fv2%2Fcomments&post=7949"}],"version-history":[{"count":7,"href":"https:\/\/nowa.mogielnica.pl\/index.php?rest_route=\/wp\/v2\/posts\/7949\/revisions"}],"predecessor-version":[{"id":8035,"href":"https:\/\/nowa.mogielnica.pl\/index.php?rest_route=\/wp\/v2\/posts\/7949\/revisions\/8035"}],"wp:featuredmedia":[{"embeddable":true,"href":"https:\/\/nowa.mogielnica.pl\/index.php?rest_route=\/wp\/v2\/media\/8030"}],"wp:attachment":[{"href":"https:\/\/nowa.mogielnica.pl\/index.php?rest_route=%2Fwp%2Fv2%2Fmedia&parent=7949"}],"wp:term":[{"taxonomy":"category","embeddable":true,"href":"https:\/\/nowa.mogielnica.pl\/index.php?rest_route=%2Fwp%2Fv2%2Fcategories&post=7949"},{"taxonomy":"post_tag","embeddable":true,"href":"https:\/\/nowa.mogielnica.pl\/index.php?rest_route=%2Fwp%2Fv2%2Ftags&post=7949"}],"curies":[{"name":"wp","href":"https:\/\/api.w.org\/{rel}","templated":true}]}}