{"id":7961,"date":"2026-03-11T12:14:27","date_gmt":"2026-03-11T12:14:27","guid":{"rendered":"https:\/\/nowa.mogielnica.pl\/?p=7961"},"modified":"2026-03-13T09:37:54","modified_gmt":"2026-03-13T09:37:54","slug":"zakaz-sprzedazy-zwierzat-domowych","status":"publish","type":"post","link":"https:\/\/nowa.mogielnica.pl\/?p=7961","title":{"rendered":"Zakaz sprzeda\u017cy zwierz\u0105t domowych na targowiskach, targach i gie\u0142dach"},"content":{"rendered":"\n<p>Zgodnie z art.10a 1. ustawy z dnia 21 sierpnia 1997r. o ochronie zwierz\u0105t zabrania si\u0119:<\/p>\n\n\n\n<ol class=\"wp-block-list\">\n<li>wprowadzania do obrotu zwierz\u0105t domowych na targowiskach, targach i gie\u0142dach;<\/li>\n\n\n\n<li>prowadzenia targowisk, targ\u00f3w i gie\u0142d ze sprzeda\u017c\u0105 zwierz\u0105t domowych; <\/li>\n<\/ol>\n\n\n\n<p><\/p>\n\n\n\n<div data-wp-interactive=\"core\/file\" class=\"wp-block-file\"><object data-wp-bind--hidden=\"!state.hasPdfPreview\" hidden class=\"wp-block-file__embed\" data=\"https:\/\/nowa.mogielnica.pl\/wp-content\/uploads\/2026\/03\/ulotka_zakaz_sprzedazy_zwierzat_domowych.pdf\" type=\"application\/pdf\" style=\"width:100%;height:600px\" aria-label=\"Osadzone z ulotka_zakaz_sprzeda\u017cy_zwierz\u0105t_domowych.\"><\/object><a id=\"wp-block-file--media-f2ba6342-ba5b-420c-a9aa-15aed13efbde\" href=\"https:\/\/nowa.mogielnica.pl\/wp-content\/uploads\/2026\/03\/ulotka_zakaz_sprzedazy_zwierzat_domowych.pdf\">ulotka_zakaz_sprzeda\u017cy_zwierz\u0105t_domowych<\/a><a href=\"https:\/\/nowa.mogielnica.pl\/wp-content\/uploads\/2026\/03\/ulotka_zakaz_sprzedazy_zwierzat_domowych.pdf\" class=\"wp-block-file__button wp-element-button\" download aria-describedby=\"wp-block-file--media-f2ba6342-ba5b-420c-a9aa-15aed13efbde\">Pobierz<\/a><\/div>\n","protected":false},"excerpt":{"rendered":"<div class=\"mh-excerpt\"><p>Zgodnie z art.10a 1. ustawy z dnia 21 sierpnia 1997r. o ochronie zwierz\u0105t zabrania si\u0119:<\/p>\n<\/div>","protected":false},"author":4,"featured_media":8027,"comment_status":"closed","ping_status":"open","sticky":false,"template":"","format":"standard","meta":{"footnotes":""},"categories":[3],"tags":[],"class_list":{"0":"post-7961","1":"post","2":"type-post","3":"status-publish","4":"format-standard","5":"has-post-thumbnail","7":"category-aktualnosci"},"_links":{"self":[{"href":"https:\/\/nowa.mogielnica.pl\/index.php?rest_route=\/wp\/v2\/posts\/7961","targetHints":{"allow":["GET"]}}],"collection":[{"href":"https:\/\/nowa.mogielnica.pl\/index.php?rest_route=\/wp\/v2\/posts"}],"about":[{"href":"https:\/\/nowa.mogielnica.pl\/index.php?rest_route=\/wp\/v2\/types\/post"}],"author":[{"embeddable":true,"href":"https:\/\/nowa.mogielnica.pl\/index.php?rest_route=\/wp\/v2\/users\/4"}],"replies":[{"embeddable":true,"href":"https:\/\/nowa.mogielnica.pl\/index.php?rest_route=%2Fwp%2Fv2%2Fcomments&post=7961"}],"version-history":[{"count":3,"href":"https:\/\/nowa.mogielnica.pl\/index.php?rest_route=\/wp\/v2\/posts\/7961\/revisions"}],"predecessor-version":[{"id":8025,"href":"https:\/\/nowa.mogielnica.pl\/index.php?rest_route=\/wp\/v2\/posts\/7961\/revisions\/8025"}],"wp:featuredmedia":[{"embeddable":true,"href":"https:\/\/nowa.mogielnica.pl\/index.php?rest_route=\/wp\/v2\/media\/8027"}],"wp:attachment":[{"href":"https:\/\/nowa.mogielnica.pl\/index.php?rest_route=%2Fwp%2Fv2%2Fmedia&parent=7961"}],"wp:term":[{"taxonomy":"category","embeddable":true,"href":"https:\/\/nowa.mogielnica.pl\/index.php?rest_route=%2Fwp%2Fv2%2Fcategories&post=7961"},{"taxonomy":"post_tag","embeddable":true,"href":"https:\/\/nowa.mogielnica.pl\/index.php?rest_route=%2Fwp%2Fv2%2Ftags&post=7961"}],"curies":[{"name":"wp","href":"https:\/\/api.w.org\/{rel}","templated":true}]}}