{"id":7976,"date":"2026-03-11T12:43:24","date_gmt":"2026-03-11T12:43:24","guid":{"rendered":"https:\/\/nowa.mogielnica.pl\/?p=7976"},"modified":"2026-03-11T12:43:25","modified_gmt":"2026-03-11T12:43:25","slug":"mazowiecki-fundusz-teatralny","status":"publish","type":"post","link":"https:\/\/nowa.mogielnica.pl\/?p=7976","title":{"rendered":"Mazowiecki Fundusz Teatralny"},"content":{"rendered":"\n<p>\ud83c\udf89\ud83c\udfad Zakwalifikowali\u015bmy si\u0119 do programu Mazowiecki Fundusz Teatralny! \ud83c\udfad\ud83c\udf89<\/p>\n\n\n\n<p>Z rado\u015bci\u0105 informujemy, \u017ce MGOKiBS w Mogielnicy znalaz\u0142 si\u0119 w gronie instytucji uczestnicz\u0105cych w projekcie Mazowiecki Fundusz Teatralny.<\/p>\n\n\n\n<p>Program skierowany jest do dzieci i m\u0142odzie\u017cy szkolnej i ma na celu wspieranie codziennej pracy teatralno-edukacyjnej z m\u0142odymi uczestnikami. W ramach projektu zapewniamy wsparcie merytoryczne i finansowe, kt\u00f3re umo\u017cliwi rozw\u00f3j talent\u00f3w, realizacj\u0119 nowych pomys\u0142\u00f3w scenicznych oraz podnoszenie jako\u015bci dzia\u0142a\u0144 artystycznych.<\/p>\n\n\n\n<p>Celem programu jest tak\u017ce wspieranie inicjatyw teatralnych, w kt\u00f3re w\u0142\u0105czaj\u0105 si\u0119 lokalne organizacje oraz grupy nieformalne, buduj\u0105c przestrze\u0144 do wsp\u00f3\u0142pracy, integracji i tw\u00f3rczego dzia\u0142ania w naszej spo\u0142eczno\u015bci.<\/p>\n\n\n\n<p>To dla nas ogromne wyr\u00f3\u017cnienie i szansa na jeszcze intensywniejszy rozw\u00f3j teatru w Mogielnicy! \ud83d\udc9b<\/p>\n\n\n\n<p>W zwi\u0105zku z tym og\u0142aszamy \ud83c\udfad Nab\u00f3r do Grupy Teatralnej przy MGOKiBS w Mogielnicy \ud83c\udfad<\/p>\n\n\n\n<p>Szczeg\u00f3\u0142y na plakacie \ud83d\udc47\ud83d\udc47\ud83d\udc47<\/p>\n\n\n\n<p>Do zobaczenia na scenie! \ud83c\udfac\u2728<\/p>\n\n\n\n<figure class=\"wp-block-gallery has-nested-images columns-default is-cropped wp-block-gallery-1 is-layout-flex wp-block-gallery-is-layout-flex\">\n<figure class=\"wp-block-image size-large\"><img loading=\"lazy\" decoding=\"async\" width=\"724\" height=\"1024\" data-id=\"7977\" src=\"https:\/\/nowa.mogielnica.pl\/wp-content\/uploads\/2026\/03\/facebook_1773231891037_7437473613506979190-724x1024.jpg\" alt=\"\" class=\"wp-image-7977\" srcset=\"https:\/\/nowa.mogielnica.pl\/wp-content\/uploads\/2026\/03\/facebook_1773231891037_7437473613506979190-724x1024.jpg 724w, https:\/\/nowa.mogielnica.pl\/wp-content\/uploads\/2026\/03\/facebook_1773231891037_7437473613506979190-212x300.jpg 212w, https:\/\/nowa.mogielnica.pl\/wp-content\/uploads\/2026\/03\/facebook_1773231891037_7437473613506979190-768x1086.jpg 768w, https:\/\/nowa.mogielnica.pl\/wp-content\/uploads\/2026\/03\/facebook_1773231891037_7437473613506979190-1086x1536.jpg 1086w, https:\/\/nowa.mogielnica.pl\/wp-content\/uploads\/2026\/03\/facebook_1773231891037_7437473613506979190.jpg 1414w\" sizes=\"auto, (max-width: 724px) 100vw, 724px\" \/><\/figure>\n<\/figure>\n","protected":false},"excerpt":{"rendered":"<div class=\"mh-excerpt\"><p>\ud83c\udf89\ud83c\udfad Zakwalifikowali\u015bmy si\u0119 do programu Mazowiecki Fundusz Teatralny! \ud83c\udfad\ud83c\udf89 Z rado\u015bci\u0105 informujemy, \u017ce MGOKiBS w Mogielnicy znalaz\u0142 si\u0119 w gronie instytucji uczestnicz\u0105cych w projekcie Mazowiecki Fundusz Teatralny. Program skierowany jest do dzieci i m\u0142odzie\u017cy szkolnej <a class=\"mh-excerpt-more\" href=\"https:\/\/nowa.mogielnica.pl\/?p=7976\" title=\"Mazowiecki Fundusz Teatralny\">[&#8230;]<\/a><\/p>\n<\/div>","protected":false},"author":4,"featured_media":0,"comment_status":"closed","ping_status":"open","sticky":false,"template":"","format":"standard","meta":{"footnotes":""},"categories":[1],"tags":[],"class_list":{"0":"post-7976","1":"post","2":"type-post","3":"status-publish","4":"format-standard","6":"category-uncategorized"},"_links":{"self":[{"href":"https:\/\/nowa.mogielnica.pl\/index.php?rest_route=\/wp\/v2\/posts\/7976","targetHints":{"allow":["GET"]}}],"collection":[{"href":"https:\/\/nowa.mogielnica.pl\/index.php?rest_route=\/wp\/v2\/posts"}],"about":[{"href":"https:\/\/nowa.mogielnica.pl\/index.php?rest_route=\/wp\/v2\/types\/post"}],"author":[{"embeddable":true,"href":"https:\/\/nowa.mogielnica.pl\/index.php?rest_route=\/wp\/v2\/users\/4"}],"replies":[{"embeddable":true,"href":"https:\/\/nowa.mogielnica.pl\/index.php?rest_route=%2Fwp%2Fv2%2Fcomments&post=7976"}],"version-history":[{"count":1,"href":"https:\/\/nowa.mogielnica.pl\/index.php?rest_route=\/wp\/v2\/posts\/7976\/revisions"}],"predecessor-version":[{"id":7978,"href":"https:\/\/nowa.mogielnica.pl\/index.php?rest_route=\/wp\/v2\/posts\/7976\/revisions\/7978"}],"wp:attachment":[{"href":"https:\/\/nowa.mogielnica.pl\/index.php?rest_route=%2Fwp%2Fv2%2Fmedia&parent=7976"}],"wp:term":[{"taxonomy":"category","embeddable":true,"href":"https:\/\/nowa.mogielnica.pl\/index.php?rest_route=%2Fwp%2Fv2%2Fcategories&post=7976"},{"taxonomy":"post_tag","embeddable":true,"href":"https:\/\/nowa.mogielnica.pl\/index.php?rest_route=%2Fwp%2Fv2%2Ftags&post=7976"}],"curies":[{"name":"wp","href":"https:\/\/api.w.org\/{rel}","templated":true}]}}