{"id":7981,"date":"2026-03-11T12:46:23","date_gmt":"2026-03-11T12:46:23","guid":{"rendered":"https:\/\/nowa.mogielnica.pl\/?p=7981"},"modified":"2026-03-24T09:51:48","modified_gmt":"2026-03-24T09:51:48","slug":"ii-jarmark-wielkanocny-2","status":"publish","type":"post","link":"https:\/\/nowa.mogielnica.pl\/?p=7981","title":{"rendered":"II Jarmark Wielkanocny"},"content":{"rendered":"\n<p>\ud83c\udf3f\ud83d\udc23 II JARMARK WIELKANOCNY W MOGIELNICY \ud83d\udc23\ud83c\udf3f<\/p>\n\n\n\n<p>Wiosna tu\u017c-tu\u017c, a to oznacza jedno \u2014 czas na \u015bwi\u0105teczn\u0105 atmosfer\u0119, kolorowe dekoracje i wsp\u00f3lne przygotowania do Wielkanocy! \ud83c\udf37 Zapraszamy na kolejny Jarmark Wielkanocny w Mogielnicy \u2013 pe\u0142en tradycji, rado\u015bci i atrakcji dla ca\u0142ych rodzin.<\/p>\n\n\n\n<p>\ud83d\udcc5 <strong>22 marca 2026 r. (niedziela)<\/strong><\/p>\n\n\n\n<p>\ud83d\udd58 <strong>Godz. 9:00 \u2013 14:00<\/strong><\/p>\n\n\n\n<p>\ud83d\udccd <strong>Plac Po\u015bwi\u0119tne (przy OSP) w Mogielnicy<\/strong><\/p>\n\n\n\n<p>\u2728 W PROGRAMIE:<\/p>\n\n\n\n<p>\ud83e\udd5a malowanie gigantycznych pisanek<\/p>\n\n\n\n<p>\ud83c\udfc6 rozstrzygni\u0119cie konkursu wielkanocnego (godz. 12:00)<\/p>\n\n\n\n<p>\ud83d\udecd\ufe0f stoiska jarmarkowe KGW, szk\u00f3\u0142, senior\u00f3w oraz stowarzysze\u0144<\/p>\n\n\n\n<p>\ud83c\udfa8 warsztaty wielkanocne dla dzieci (od godz. 11:00 \u2013 sala widowiskowa MGOKiBS)<\/p>\n\n\n\n<p>\ud83c\udf34 Najwi\u0119ksza Palma Wielkanocna Gminy Mogielnica!<\/p>\n\n\n\n<p>Wsp\u00f3lnie stworzymy wyj\u0105tkow\u0105 palm\u0119 \u015bwi\u0105teczn\u0105 \u2014 ka\u017cdy mo\u017ce do\u0142o\u017cy\u0107 sw\u00f3j kwiat, wst\u0105\u017ck\u0119 lub ozdob\u0119!<\/p>\n\n\n\n<p>Czeka\u0107 b\u0119d\u0105 lokalne smaki, r\u0119kodzie\u0142o, \u015bwi\u0105teczne inspiracje i mn\u00f3stwo dobrej energii. Zabierzcie rodzin\u0119, znajomych i dobry humor \u2014 widzimy si\u0119 na jarmarku! \ud83d\udc9b<\/p>\n\n\n\n<p>Gmina Mogielnica<\/p>\n\n\n\n<p>M\u0142odzie\u017cowa Orkiestra D\u0119ta w Mogielnicy<\/p>\n\n\n\n<p>Klub Seniora &#8222;Weso\u0142o Razem&#8221;<\/p>\n\n\n\n<p>KGW Kozietu\u0142y<\/p>\n\n\n\n<p>Ko\u0142o Gospody\u0144 Wiejskich &#8222;Dziarnowianki&#8221;<\/p>\n\n\n\n<p>KGW Borowianki znad Mogielanki<\/p>\n\n\n\n<p>Kgw D\u0119bnowolanki<\/p>\n\n\n\n<p>Publiczna Szko\u0142a Podstawowa nr2 w Mogielnicy<\/p>\n\n\n\n<p>Zesp\u00f3\u0142 Szk\u00f3\u0142 Og\u00f3lnokszta\u0142c\u0105cych im. Jana Kili\u0144skiego w Mogielnicy<\/p>\n\n\n\n<p>Publiczna Szko\u0142a Podstawowa w Micha\u0142owicach<\/p>\n\n\n\n<p>Stowarzyszenie &#8222;Przysz\u0142o\u015b\u0107 Naszych Dzieci&#8221;<\/p>\n\n\n\n<p>Nibylandia<\/p>\n\n\n\n<p>Parafia \u015bw. Floriana m\u0119czennika w Mogielnicy<\/p>\n\n\n\n<p>Kwiaciarnia Otal\u0105\u017c &#8211; Sweet Flowers Deco<\/p>\n\n\n\n<figure class=\"wp-block-gallery has-nested-images columns-default is-cropped wp-block-gallery-1 is-layout-flex wp-block-gallery-is-layout-flex\">\n<figure class=\"wp-block-image size-large\"><img loading=\"lazy\" decoding=\"async\" width=\"724\" height=\"1024\" data-id=\"7982\" src=\"https:\/\/nowa.mogielnica.pl\/wp-content\/uploads\/2026\/03\/facebook_1773231938854_7437473814064023900-724x1024.jpg\" alt=\"\" class=\"wp-image-7982\" srcset=\"https:\/\/nowa.mogielnica.pl\/wp-content\/uploads\/2026\/03\/facebook_1773231938854_7437473814064023900-724x1024.jpg 724w, https:\/\/nowa.mogielnica.pl\/wp-content\/uploads\/2026\/03\/facebook_1773231938854_7437473814064023900-212x300.jpg 212w, https:\/\/nowa.mogielnica.pl\/wp-content\/uploads\/2026\/03\/facebook_1773231938854_7437473814064023900-768x1086.jpg 768w, https:\/\/nowa.mogielnica.pl\/wp-content\/uploads\/2026\/03\/facebook_1773231938854_7437473814064023900-1086x1536.jpg 1086w, https:\/\/nowa.mogielnica.pl\/wp-content\/uploads\/2026\/03\/facebook_1773231938854_7437473814064023900.jpg 1131w\" sizes=\"auto, (max-width: 724px) 100vw, 724px\" \/><\/figure>\n<\/figure>\n","protected":false},"excerpt":{"rendered":"<div class=\"mh-excerpt\"><p>\ud83c\udf3f\ud83d\udc23 II JARMARK WIELKANOCNY W MOGIELNICY \ud83d\udc23\ud83c\udf3f Wiosna tu\u017c-tu\u017c, a to oznacza jedno \u2014 czas na \u015bwi\u0105teczn\u0105 atmosfer\u0119, kolorowe dekoracje i wsp\u00f3lne przygotowania do Wielkanocy! \ud83c\udf37 Zapraszamy na kolejny Jarmark Wielkanocny w Mogielnicy \u2013 pe\u0142en <a class=\"mh-excerpt-more\" href=\"https:\/\/nowa.mogielnica.pl\/?p=7981\" title=\"II Jarmark Wielkanocny\">[&#8230;]<\/a><\/p>\n<\/div>","protected":false},"author":4,"featured_media":0,"comment_status":"closed","ping_status":"open","sticky":false,"template":"","format":"standard","meta":{"footnotes":""},"categories":[1],"tags":[],"class_list":{"0":"post-7981","1":"post","2":"type-post","3":"status-publish","4":"format-standard","6":"category-uncategorized"},"_links":{"self":[{"href":"https:\/\/nowa.mogielnica.pl\/index.php?rest_route=\/wp\/v2\/posts\/7981","targetHints":{"allow":["GET"]}}],"collection":[{"href":"https:\/\/nowa.mogielnica.pl\/index.php?rest_route=\/wp\/v2\/posts"}],"about":[{"href":"https:\/\/nowa.mogielnica.pl\/index.php?rest_route=\/wp\/v2\/types\/post"}],"author":[{"embeddable":true,"href":"https:\/\/nowa.mogielnica.pl\/index.php?rest_route=\/wp\/v2\/users\/4"}],"replies":[{"embeddable":true,"href":"https:\/\/nowa.mogielnica.pl\/index.php?rest_route=%2Fwp%2Fv2%2Fcomments&post=7981"}],"version-history":[{"count":1,"href":"https:\/\/nowa.mogielnica.pl\/index.php?rest_route=\/wp\/v2\/posts\/7981\/revisions"}],"predecessor-version":[{"id":7983,"href":"https:\/\/nowa.mogielnica.pl\/index.php?rest_route=\/wp\/v2\/posts\/7981\/revisions\/7983"}],"wp:attachment":[{"href":"https:\/\/nowa.mogielnica.pl\/index.php?rest_route=%2Fwp%2Fv2%2Fmedia&parent=7981"}],"wp:term":[{"taxonomy":"category","embeddable":true,"href":"https:\/\/nowa.mogielnica.pl\/index.php?rest_route=%2Fwp%2Fv2%2Fcategories&post=7981"},{"taxonomy":"post_tag","embeddable":true,"href":"https:\/\/nowa.mogielnica.pl\/index.php?rest_route=%2Fwp%2Fv2%2Ftags&post=7981"}],"curies":[{"name":"wp","href":"https:\/\/api.w.org\/{rel}","templated":true}]}}