{"id":7987,"date":"2026-03-11T12:52:09","date_gmt":"2026-03-11T12:52:09","guid":{"rendered":"https:\/\/nowa.mogielnica.pl\/?p=7987"},"modified":"2026-03-11T12:52:10","modified_gmt":"2026-03-11T12:52:10","slug":"konkurs-recytatorski-etap-gminny","status":"publish","type":"post","link":"https:\/\/nowa.mogielnica.pl\/?p=7987","title":{"rendered":"Konkurs Recytatorski &#8211; etap gminny"},"content":{"rendered":"\n<p>Z rado\u015bci\u0105 informujemy, \u017ce w pi\u0105tek, 6 marca, w sali widowiskowej MGOKiBS w Mogielnicy odby\u0142 si\u0119 etap gminny Konkurs\u00f3w Recytatorskich! \u2728\ud83d\udcdc<\/p>\n\n\n\n<figure class=\"wp-block-gallery has-nested-images columns-default is-cropped wp-block-gallery-1 is-layout-flex wp-block-gallery-is-layout-flex\">\n<figure class=\"wp-block-image size-large\"><img loading=\"lazy\" decoding=\"async\" width=\"1024\" height=\"683\" data-id=\"7988\" src=\"https:\/\/nowa.mogielnica.pl\/wp-content\/uploads\/2026\/03\/facebook_1773232077103_7437474393924809491.jpg\" alt=\"\" class=\"wp-image-7988\" srcset=\"https:\/\/nowa.mogielnica.pl\/wp-content\/uploads\/2026\/03\/facebook_1773232077103_7437474393924809491.jpg 1024w, https:\/\/nowa.mogielnica.pl\/wp-content\/uploads\/2026\/03\/facebook_1773232077103_7437474393924809491-300x200.jpg 300w, https:\/\/nowa.mogielnica.pl\/wp-content\/uploads\/2026\/03\/facebook_1773232077103_7437474393924809491-768x512.jpg 768w\" sizes=\"auto, (max-width: 1024px) 100vw, 1024px\" \/><\/figure>\n<\/figure>\n\n\n\n<p><\/p>\n\n\n\n<p>By\u0142y to eliminacje do:<\/p>\n\n\n\n<p>\ud83d\udd39 <strong>71. Og\u00f3lnopolskiego Konkursu Recytatorskiego<\/strong><\/p>\n\n\n\n<p>\ud83d\udd39 <strong>XLIII Ma\u0142ego Konkursu Recytatorskiego<\/strong><\/p>\n\n\n\n<p>\ud83d\udd39<strong>49. Konkursu Recytatorskiego \u201eWarszawska Syrenka\u201d<\/strong><\/p>\n\n\n\n<p>To by\u0142o wyj\u0105tkowe wydarzenie pe\u0142ne emocji, talent\u00f3w i pi\u0119knych interpretacji literackich! <\/p>\n\n\n\n<p>\ud83c\udfa4\ud83d\udcda M\u0142odzi recytatorzy zaprezentowali swoje umiej\u0119tno\u015bci, zachwycaj\u0105c juror\u00f3w oraz publiczno\u015b\u0107.<\/p>\n\n\n\n<p><strong>W sk\u0142ad jury wesz\u0142y:<\/strong><\/p>\n\n\n\n<p>\u2022 Agnieszka Mosionek \u2013 Publiczna Szko\u0142a Podstawowa w Micha\u0142owicach<\/p>\n\n\n\n<p>\u2022 Sylwia Bogatek \u2013 Publiczna Szko\u0142a Podstawowa w Borowem<\/p>\n\n\n\n<p>\u2022 Ewa Papis \u2013 Publiczna Szko\u0142a Podstawowa nr2 w Mogielnicy<\/p>\n\n\n\n<p>\u2022 Edyta Myd\u0142owska \u2013 Zesp\u00f3\u0142 Szk\u00f3\u0142 Og\u00f3lnokszta\u0142c\u0105cych im. Jana Kili\u0144skiego w Mogielnicy<\/p>\n\n\n\n<p>\u2022 Leokadia D\u0119bowska \u2013 Niepubliczna Szko\u0142a Podstawowa w Kozietu\u0142ach<\/p>\n\n\n\n<p class=\"has-large-font-size\"><strong>Wyniki konkursu<\/strong><\/p>\n\n\n\n<p><strong>71. Og\u00f3lnopolski Konkurs Recytatorski<\/strong><\/p>\n\n\n\n<p>Patrycja Wielgus<\/p>\n\n\n\n<p><strong>43. Ma\u0142y OKR<\/strong><\/p>\n\n\n\n<p><em>Kategoria: 5\u20136 lat i klasy 0<\/em><\/p>\n\n\n\n<p>Gabriela Socha<\/p>\n\n\n\n<p>Antoni Piech<\/p>\n\n\n\n<p>Wojciech Naglewski<\/p>\n\n\n\n<p>Maria Michalska<\/p>\n\n\n\n<p><em>Klasy I\u2013IV<\/em><\/p>\n\n\n\n<p>Amelia Chaberska<\/p>\n\n\n\n<p>Maria Pluta<\/p>\n\n\n\n<p>Maja Oraczewska<\/p>\n\n\n\n<p><em>Klasy V\u2013VIII<\/em><\/p>\n\n\n\n<p>Aleksander Mosionek<\/p>\n\n\n\n<p>Wyr\u00f3\u017cnienia:<\/p>\n\n\n\n<p>Joanna Klat<\/p>\n\n\n\n<p>Hanna Pichula<\/p>\n\n\n\n<p>Milena Ogieniewska<\/p>\n\n\n\n<p><strong>49. Konkurs Recytatorski \u201eWarszawska Syrenka\u201d<\/strong><\/p>\n\n\n\n<p><em>Klasy 0\u2013III<\/em><\/p>\n\n\n\n<p>Barbara Pluta<\/p>\n\n\n\n<p>Maria Danilewicz<\/p>\n\n\n\n<p><em>Klasy IV\u2013VI<\/em><\/p>\n\n\n\n<p>Ignacy Krawczyk<\/p>\n\n\n\n<p>Oliwia Jarecka<\/p>\n\n\n\n<p><em>Klasy VII\u2013VIII<\/em><\/p>\n\n\n\n<p>Amelia P\u0142odzik<\/p>\n\n\n\n<p>Julia Zalewska<\/p>\n\n\n\n<p>Wyr\u00f3\u017cnienia:<\/p>\n\n\n\n<p>Dorota Kaza\u0142a<\/p>\n\n\n\n<p>Alicja Zalewska<\/p>\n\n\n\n<p>Piotr Hermanowicz<\/p>\n\n\n\n<p>Julia Wi\u015bnik<\/p>\n\n\n\n<p>\ud83d\udcda <strong>Laureaci otrzymali dyplomy oraz nagrody ksi\u0105\u017ckowe, kt\u00f3rych fundatorem by\u0142 Miejsko-Gminny O\u015brodek Kultury i Biblioteka Samorz\u0105dowa w Mogielnicy.<\/strong><\/p>\n\n\n\n<p>\ud83d\udc4f Serdecznie gratulujemy wszystkim uczestnikom odwagi, pasji i pi\u0119knych wyst\u0119p\u00f3w.<\/p>\n\n\n\n<p>Szczeg\u00f3lne gratulacje kierujemy do os\u00f3b, kt\u00f3re zakwalifikowa\u0142y si\u0119 do etapu powiatowego. Trzymamy za Was kciuki i \u017cyczymy powodzenia w kolejnych zmaganiach! \ud83c\udf40<\/p>\n\n\n\n<p>Dzi\u0119kujemy r\u00f3wnie\u017c komisji konkursowej, nauczycielom oraz rodzicom, kt\u00f3rzy wspierali m\u0142odych artyst\u00f3w podczas konkursu. \ud83c\udf1f<\/p>\n","protected":false},"excerpt":{"rendered":"<div class=\"mh-excerpt\"><p>Z rado\u015bci\u0105 informujemy, \u017ce w pi\u0105tek, 6 marca, w sali widowiskowej MGOKiBS w Mogielnicy odby\u0142 si\u0119 etap gminny Konkurs\u00f3w Recytatorskich! \u2728\ud83d\udcdc By\u0142y to eliminacje do: \ud83d\udd39 71. Og\u00f3lnopolskiego Konkursu Recytatorskiego \ud83d\udd39 XLIII Ma\u0142ego Konkursu Recytatorskiego <a class=\"mh-excerpt-more\" href=\"https:\/\/nowa.mogielnica.pl\/?p=7987\" title=\"Konkurs Recytatorski &#8211; etap gminny\">[&#8230;]<\/a><\/p>\n<\/div>","protected":false},"author":4,"featured_media":0,"comment_status":"closed","ping_status":"open","sticky":false,"template":"","format":"standard","meta":{"footnotes":""},"categories":[1],"tags":[],"class_list":{"0":"post-7987","1":"post","2":"type-post","3":"status-publish","4":"format-standard","6":"category-uncategorized"},"_links":{"self":[{"href":"https:\/\/nowa.mogielnica.pl\/index.php?rest_route=\/wp\/v2\/posts\/7987","targetHints":{"allow":["GET"]}}],"collection":[{"href":"https:\/\/nowa.mogielnica.pl\/index.php?rest_route=\/wp\/v2\/posts"}],"about":[{"href":"https:\/\/nowa.mogielnica.pl\/index.php?rest_route=\/wp\/v2\/types\/post"}],"author":[{"embeddable":true,"href":"https:\/\/nowa.mogielnica.pl\/index.php?rest_route=\/wp\/v2\/users\/4"}],"replies":[{"embeddable":true,"href":"https:\/\/nowa.mogielnica.pl\/index.php?rest_route=%2Fwp%2Fv2%2Fcomments&post=7987"}],"version-history":[{"count":1,"href":"https:\/\/nowa.mogielnica.pl\/index.php?rest_route=\/wp\/v2\/posts\/7987\/revisions"}],"predecessor-version":[{"id":7989,"href":"https:\/\/nowa.mogielnica.pl\/index.php?rest_route=\/wp\/v2\/posts\/7987\/revisions\/7989"}],"wp:attachment":[{"href":"https:\/\/nowa.mogielnica.pl\/index.php?rest_route=%2Fwp%2Fv2%2Fmedia&parent=7987"}],"wp:term":[{"taxonomy":"category","embeddable":true,"href":"https:\/\/nowa.mogielnica.pl\/index.php?rest_route=%2Fwp%2Fv2%2Fcategories&post=7987"},{"taxonomy":"post_tag","embeddable":true,"href":"https:\/\/nowa.mogielnica.pl\/index.php?rest_route=%2Fwp%2Fv2%2Ftags&post=7987"}],"curies":[{"name":"wp","href":"https:\/\/api.w.org\/{rel}","templated":true}]}}