{"id":8007,"date":"2026-03-12T07:19:55","date_gmt":"2026-03-12T07:19:55","guid":{"rendered":"https:\/\/nowa.mogielnica.pl\/?p=8007"},"modified":"2026-03-12T07:19:56","modified_gmt":"2026-03-12T07:19:56","slug":"szkolenie-profilaktyczne-dla-nauczycieli-2","status":"publish","type":"post","link":"https:\/\/nowa.mogielnica.pl\/?p=8007","title":{"rendered":"SZKOLENIE PROFILAKTYCZNE DLA NAUCZYCIELI"},"content":{"rendered":"\n<p>Gminna Komisja Rozwi\u0105zywania Problem\u00f3w Alkoholowych w Mogielnicy serdecznie zaprasza nauczycieli edukacji wczesnoszkolnej do udzia\u0142u w rekomendowanym szkoleniu profilaktycznym pn. \u201eApteczka Pierwszej Pomocy Emocjonalnej&#8221;.&nbsp;<\/p>\n\n\n\n<p>Celem szkolenia jest zdobycie przez nauczycieli kwalifikacji do realizacji skutecznej profilaktyki w szko\u0142ach na terenie Gminy i Miasta Mogielnica.<\/p>\n\n\n\n<figure class=\"wp-block-gallery has-nested-images columns-default is-cropped wp-block-gallery-1 is-layout-flex wp-block-gallery-is-layout-flex\">\n<figure class=\"wp-block-image size-large\"><img loading=\"lazy\" decoding=\"async\" width=\"726\" height=\"1024\" data-id=\"8009\" src=\"https:\/\/nowa.mogielnica.pl\/wp-content\/uploads\/2026\/03\/IMG-20260312-WA0000-1-726x1024.jpg\" alt=\"\" class=\"wp-image-8009\" srcset=\"https:\/\/nowa.mogielnica.pl\/wp-content\/uploads\/2026\/03\/IMG-20260312-WA0000-1-726x1024.jpg 726w, https:\/\/nowa.mogielnica.pl\/wp-content\/uploads\/2026\/03\/IMG-20260312-WA0000-1-213x300.jpg 213w, https:\/\/nowa.mogielnica.pl\/wp-content\/uploads\/2026\/03\/IMG-20260312-WA0000-1-768x1083.jpg 768w, https:\/\/nowa.mogielnica.pl\/wp-content\/uploads\/2026\/03\/IMG-20260312-WA0000-1-1090x1536.jpg 1090w, https:\/\/nowa.mogielnica.pl\/wp-content\/uploads\/2026\/03\/IMG-20260312-WA0000-1.jpg 1135w\" sizes=\"auto, (max-width: 726px) 100vw, 726px\" \/><\/figure>\n<\/figure>\n\n\n\n<p><\/p>\n\n\n\n<p>Po uko\u0144czeniu szkolenia uczestnicy (nauczyciele, wychowawcy, pedagodzy) otrzymaj\u0105 za\u015bwiadczenia uprawniaj\u0105ce do realizacji programu z uczniami.<\/p>\n\n\n\n<p>Szkolenie realizowane b\u0119dzie podczas 2 spotka\u0144 w budynku Urz\u0119du Gminy i Miasta w Mogielnicy.<\/p>\n\n\n\n<p><strong>Zapisy: <a href=\"mailto:gkrpamogielnica@gmail.com\">gkrpamogielnica@gmail.com<\/a><\/strong><\/p>\n\n\n\n<p>Liczba miejsc ograniczona \u2013 przewidujemy utworzenie 10- osobowej grupy szkoleniowej. O uczestnictwie decyduje kolejno\u015b\u0107 zg\u0142osze\u0144!<\/p>\n\n\n\n<p><strong>Szkolenie odb\u0119dzie si\u0119 10-11.04, tj.: pi\u0105tek 15.00-19.00, sobota 9.00-15.00.<\/strong><\/p>\n\n\n\n<p>\ud83d\udc49 Celem programu ,,Apteczka Pierwszej Pomocy Emocjonalnej\u201d jest rozwijanie w dzieciach podstawowych umiej\u0119tno\u015bci spo\u0142ecznych i emocjonalnych oraz przygotowanie do radzenia sobie z trudno\u015bciami. Korzystaj\u0105c z za\u0142o\u017ce\u0144 psychologii pozytywnej, sformu\u0142owanych przez ameryka\u0144skiego psychologa Martina E.P. Seligmana, przyj\u0119to, \u017ce <strong>optymizmu mo\u017cna si\u0119 nauczy\u0107, a postawa optymizmu mo\u017ce prowadzi\u0107 do szcz\u0119\u015bliwego i satysfakcjonuj\u0105cego \u017cycia.<\/strong><\/p>\n\n\n\n<p>Nie czekaj \u2013 zg\u0142o\u015b si\u0119 ju\u017c dzi\u015b \u2757\ufe0f<\/p>\n\n\n\n<p>\u00a0We\u017a udzia\u0142 w warto\u015bciowym szkoleniu, kt\u00f3re realnie wp\u0142ynie na dobrostan Twoich uczni\u00f3w\u2757\ufe0f<\/p>\n\n\n\n<p><strong>Termin zg\u0142osze\u0144 do ko\u0144ca marca 2026r.<\/strong><\/p>\n","protected":false},"excerpt":{"rendered":"<div class=\"mh-excerpt\"><p>Gminna Komisja Rozwi\u0105zywania Problem\u00f3w Alkoholowych w Mogielnicy serdecznie zaprasza nauczycieli edukacji wczesnoszkolnej do udzia\u0142u w rekomendowanym szkoleniu profilaktycznym pn. \u201eApteczka Pierwszej Pomocy Emocjonalnej&#8221;.&nbsp; Celem szkolenia jest zdobycie przez nauczycieli kwalifikacji do realizacji skutecznej profilaktyki w <a class=\"mh-excerpt-more\" href=\"https:\/\/nowa.mogielnica.pl\/?p=8007\" title=\"SZKOLENIE PROFILAKTYCZNE DLA NAUCZYCIELI\">[&#8230;]<\/a><\/p>\n<\/div>","protected":false},"author":4,"featured_media":8008,"comment_status":"closed","ping_status":"open","sticky":false,"template":"","format":"standard","meta":{"footnotes":""},"categories":[3],"tags":[],"class_list":{"0":"post-8007","1":"post","2":"type-post","3":"status-publish","4":"format-standard","5":"has-post-thumbnail","7":"category-aktualnosci"},"_links":{"self":[{"href":"https:\/\/nowa.mogielnica.pl\/index.php?rest_route=\/wp\/v2\/posts\/8007","targetHints":{"allow":["GET"]}}],"collection":[{"href":"https:\/\/nowa.mogielnica.pl\/index.php?rest_route=\/wp\/v2\/posts"}],"about":[{"href":"https:\/\/nowa.mogielnica.pl\/index.php?rest_route=\/wp\/v2\/types\/post"}],"author":[{"embeddable":true,"href":"https:\/\/nowa.mogielnica.pl\/index.php?rest_route=\/wp\/v2\/users\/4"}],"replies":[{"embeddable":true,"href":"https:\/\/nowa.mogielnica.pl\/index.php?rest_route=%2Fwp%2Fv2%2Fcomments&post=8007"}],"version-history":[{"count":1,"href":"https:\/\/nowa.mogielnica.pl\/index.php?rest_route=\/wp\/v2\/posts\/8007\/revisions"}],"predecessor-version":[{"id":8010,"href":"https:\/\/nowa.mogielnica.pl\/index.php?rest_route=\/wp\/v2\/posts\/8007\/revisions\/8010"}],"wp:featuredmedia":[{"embeddable":true,"href":"https:\/\/nowa.mogielnica.pl\/index.php?rest_route=\/wp\/v2\/media\/8008"}],"wp:attachment":[{"href":"https:\/\/nowa.mogielnica.pl\/index.php?rest_route=%2Fwp%2Fv2%2Fmedia&parent=8007"}],"wp:term":[{"taxonomy":"category","embeddable":true,"href":"https:\/\/nowa.mogielnica.pl\/index.php?rest_route=%2Fwp%2Fv2%2Fcategories&post=8007"},{"taxonomy":"post_tag","embeddable":true,"href":"https:\/\/nowa.mogielnica.pl\/index.php?rest_route=%2Fwp%2Fv2%2Ftags&post=8007"}],"curies":[{"name":"wp","href":"https:\/\/api.w.org\/{rel}","templated":true}]}}