{"id":8043,"date":"2026-03-17T10:39:36","date_gmt":"2026-03-17T10:39:36","guid":{"rendered":"https:\/\/nowa.mogielnica.pl\/?p=8043"},"modified":"2026-03-17T10:42:05","modified_gmt":"2026-03-17T10:42:05","slug":"zapraszamy-na-wyjatkowy-wernisaz","status":"publish","type":"post","link":"https:\/\/nowa.mogielnica.pl\/?p=8043","title":{"rendered":"Zapraszamy na wyj\u0105tkowy wernisa\u017c!"},"content":{"rendered":"\n<p>Miejsko-Gminny O\u015brodek Kultury i Biblioteka Samorz\u0105dowa w Mogielnicy zaprasza na wystaw\u0119 prac <strong>Anny Piwowarskiej<\/strong>, mieszkanki Gr\u00f3jca, pt. <em>\u201eObecno\u015b\u0107\u201d<\/em>.<\/p>\n\n\n\n<p><strong>11 kwietnia 2026 r. (sobota)<\/strong><br><strong>godz. 18:00<\/strong><br><strong>Sala widowiskowa MGOKiBS w Mogielnicy<\/strong><br>(Plac Po\u015bwi\u0119tne 11 \u2013 budynek OSP)<\/p>\n\n\n\n<p>To niezwyk\u0142a, pe\u0142na emocji wystawa skierowana zar\u00f3wno do dzieci, jak i doros\u0142ych. Opowiada o relacjach, blisko\u015bci i byciu \u201etu i teraz\u201d \u2013 z drugim cz\u0142owiekiem i ze sztuk\u0105.<\/p>\n\n\n\n<p>Przyjd\u017acie i sp\u0119d\u017acie ten czas razem \u2013<br>z rodzin\u0105, przyjaci\u00f3\u0142mi i sztuk\u0105.<\/p>\n\n\n\n<p>Wystaw\u0119 b\u0119dzie mo\u017cna ogl\u0105da\u0107 r\u00f3wnie\u017c w dniach <strong>17.04 \u2013 30.04<\/strong><br>w Urz\u0119dzie Gminy i Miasta w Mogielnicy.<\/p>\n\n\n\n<figure class=\"wp-block-image size-large\"><img loading=\"lazy\" decoding=\"async\" width=\"724\" height=\"1024\" src=\"https:\/\/nowa.mogielnica.pl\/wp-content\/uploads\/2026\/03\/Anna-wystawa-724x1024.jpeg\" alt=\"\" class=\"wp-image-8044\" srcset=\"https:\/\/nowa.mogielnica.pl\/wp-content\/uploads\/2026\/03\/Anna-wystawa-724x1024.jpeg 724w, https:\/\/nowa.mogielnica.pl\/wp-content\/uploads\/2026\/03\/Anna-wystawa-212x300.jpeg 212w, https:\/\/nowa.mogielnica.pl\/wp-content\/uploads\/2026\/03\/Anna-wystawa-768x1086.jpeg 768w, https:\/\/nowa.mogielnica.pl\/wp-content\/uploads\/2026\/03\/Anna-wystawa-1086x1536.jpeg 1086w, https:\/\/nowa.mogielnica.pl\/wp-content\/uploads\/2026\/03\/Anna-wystawa.jpeg 1131w\" sizes=\"auto, (max-width: 724px) 100vw, 724px\" \/><\/figure>\n","protected":false},"excerpt":{"rendered":"<div class=\"mh-excerpt\"><p>Miejsko-Gminny O\u015brodek Kultury i Biblioteka Samorz\u0105dowa w Mogielnicy zaprasza na wystaw\u0119 prac Anny Piwowarskiej, mieszkanki Gr\u00f3jca, pt. \u201eObecno\u015b\u0107\u201d. 11 kwietnia 2026 r. (sobota)godz. 18:00Sala widowiskowa MGOKiBS w Mogielnicy(Plac Po\u015bwi\u0119tne 11 \u2013 budynek OSP) To niezwyk\u0142a, <a class=\"mh-excerpt-more\" href=\"https:\/\/nowa.mogielnica.pl\/?p=8043\" title=\"Zapraszamy na wyj\u0105tkowy wernisa\u017c!\">[&#8230;]<\/a><\/p>\n<\/div>","protected":false},"author":4,"featured_media":8044,"comment_status":"closed","ping_status":"open","sticky":false,"template":"","format":"standard","meta":{"footnotes":""},"categories":[5],"tags":[],"class_list":{"0":"post-8043","1":"post","2":"type-post","3":"status-publish","4":"format-standard","5":"has-post-thumbnail","7":"category-5"},"_links":{"self":[{"href":"https:\/\/nowa.mogielnica.pl\/index.php?rest_route=\/wp\/v2\/posts\/8043","targetHints":{"allow":["GET"]}}],"collection":[{"href":"https:\/\/nowa.mogielnica.pl\/index.php?rest_route=\/wp\/v2\/posts"}],"about":[{"href":"https:\/\/nowa.mogielnica.pl\/index.php?rest_route=\/wp\/v2\/types\/post"}],"author":[{"embeddable":true,"href":"https:\/\/nowa.mogielnica.pl\/index.php?rest_route=\/wp\/v2\/users\/4"}],"replies":[{"embeddable":true,"href":"https:\/\/nowa.mogielnica.pl\/index.php?rest_route=%2Fwp%2Fv2%2Fcomments&post=8043"}],"version-history":[{"count":2,"href":"https:\/\/nowa.mogielnica.pl\/index.php?rest_route=\/wp\/v2\/posts\/8043\/revisions"}],"predecessor-version":[{"id":8046,"href":"https:\/\/nowa.mogielnica.pl\/index.php?rest_route=\/wp\/v2\/posts\/8043\/revisions\/8046"}],"wp:featuredmedia":[{"embeddable":true,"href":"https:\/\/nowa.mogielnica.pl\/index.php?rest_route=\/wp\/v2\/media\/8044"}],"wp:attachment":[{"href":"https:\/\/nowa.mogielnica.pl\/index.php?rest_route=%2Fwp%2Fv2%2Fmedia&parent=8043"}],"wp:term":[{"taxonomy":"category","embeddable":true,"href":"https:\/\/nowa.mogielnica.pl\/index.php?rest_route=%2Fwp%2Fv2%2Fcategories&post=8043"},{"taxonomy":"post_tag","embeddable":true,"href":"https:\/\/nowa.mogielnica.pl\/index.php?rest_route=%2Fwp%2Fv2%2Ftags&post=8043"}],"curies":[{"name":"wp","href":"https:\/\/api.w.org\/{rel}","templated":true}]}}