{"id":8222,"date":"2026-04-27T09:49:11","date_gmt":"2026-04-27T09:49:11","guid":{"rendered":"https:\/\/nowa.mogielnica.pl\/?p=8222"},"modified":"2026-04-27T09:50:06","modified_gmt":"2026-04-27T09:50:06","slug":"konsultacje-spoleczne-dotyczace-nadania-nazwy-ronda-na-skrzyzowaniu-ul-koscielnej-oraz-ks-zaganczyka-w-miejscowosci-mogielnica","status":"publish","type":"post","link":"https:\/\/nowa.mogielnica.pl\/?p=8222","title":{"rendered":"Konsultacje spo\u0142eczne dotycz\u0105ce nadania nazwy ronda na skrzy\u017cowaniu ul. Ko\u015bcielnej oraz ks. Zaga\u0144czyka w miejscowo\u015bci Mogielnica"},"content":{"rendered":"\n<p>Zarz\u0105dzenie Nr 39\/2026 Burmistrza Gminy i Miasta Mogielnica z dnia 15 kwietnia 2026 r.<\/p>\n\n\n\n<p>Konsultacje zostan\u0105 przeprowadzone w terminie 4 maja &#8211; 22 maja 2026 w formie pisemnej.<\/p>\n\n\n\n<p class=\"has-medium-font-size\"><strong>Za\u0142\u0105cznik (w tym formularz):<\/strong><\/p>\n\n\n\n<div data-wp-interactive=\"core\/file\" class=\"wp-block-file\"><object data-wp-bind--hidden=\"!state.hasPdfPreview\" hidden class=\"wp-block-file__embed\" data=\"https:\/\/nowa.mogielnica.pl\/wp-content\/uploads\/2026\/04\/zarzadzenie_nr_39_2026.pdf\" type=\"application\/pdf\" style=\"width:100%;height:600px\" aria-label=\"Osadzone z zarzadzenie_nr_39_2026.\"><\/object><a id=\"wp-block-file--media-03bd4dcd-2d4c-4880-8bdf-07e39fe2bcbc\" href=\"https:\/\/nowa.mogielnica.pl\/wp-content\/uploads\/2026\/04\/zarzadzenie_nr_39_2026.pdf\">zarzadzenie_nr_39_2026<\/a><a href=\"https:\/\/nowa.mogielnica.pl\/wp-content\/uploads\/2026\/04\/zarzadzenie_nr_39_2026.pdf\" class=\"wp-block-file__button wp-element-button\" download aria-describedby=\"wp-block-file--media-03bd4dcd-2d4c-4880-8bdf-07e39fe2bcbc\">Pobierz<\/a><\/div>\n\n\n\n<hr class=\"wp-block-separator has-alpha-channel-opacity\"\/>\n","protected":false},"excerpt":{"rendered":"<div class=\"mh-excerpt\"><p>Zarz\u0105dzenie Nr 39\/2026 Burmistrza Gminy i Miasta Mogielnica z dnia 15 kwietnia 2026 r. Konsultacje zostan\u0105 przeprowadzone w terminie 4 maja &#8211; 22 maja 2026 w formie pisemnej. Za\u0142\u0105cznik (w tym formularz):<\/p>\n<\/div>","protected":false},"author":4,"featured_media":7546,"comment_status":"closed","ping_status":"open","sticky":false,"template":"","format":"standard","meta":{"footnotes":""},"categories":[3],"tags":[],"class_list":{"0":"post-8222","1":"post","2":"type-post","3":"status-publish","4":"format-standard","5":"has-post-thumbnail","7":"category-aktualnosci"},"_links":{"self":[{"href":"https:\/\/nowa.mogielnica.pl\/index.php?rest_route=\/wp\/v2\/posts\/8222","targetHints":{"allow":["GET"]}}],"collection":[{"href":"https:\/\/nowa.mogielnica.pl\/index.php?rest_route=\/wp\/v2\/posts"}],"about":[{"href":"https:\/\/nowa.mogielnica.pl\/index.php?rest_route=\/wp\/v2\/types\/post"}],"author":[{"embeddable":true,"href":"https:\/\/nowa.mogielnica.pl\/index.php?rest_route=\/wp\/v2\/users\/4"}],"replies":[{"embeddable":true,"href":"https:\/\/nowa.mogielnica.pl\/index.php?rest_route=%2Fwp%2Fv2%2Fcomments&post=8222"}],"version-history":[{"count":3,"href":"https:\/\/nowa.mogielnica.pl\/index.php?rest_route=\/wp\/v2\/posts\/8222\/revisions"}],"predecessor-version":[{"id":8226,"href":"https:\/\/nowa.mogielnica.pl\/index.php?rest_route=\/wp\/v2\/posts\/8222\/revisions\/8226"}],"wp:featuredmedia":[{"embeddable":true,"href":"https:\/\/nowa.mogielnica.pl\/index.php?rest_route=\/wp\/v2\/media\/7546"}],"wp:attachment":[{"href":"https:\/\/nowa.mogielnica.pl\/index.php?rest_route=%2Fwp%2Fv2%2Fmedia&parent=8222"}],"wp:term":[{"taxonomy":"category","embeddable":true,"href":"https:\/\/nowa.mogielnica.pl\/index.php?rest_route=%2Fwp%2Fv2%2Fcategories&post=8222"},{"taxonomy":"post_tag","embeddable":true,"href":"https:\/\/nowa.mogielnica.pl\/index.php?rest_route=%2Fwp%2Fv2%2Ftags&post=8222"}],"curies":[{"name":"wp","href":"https:\/\/api.w.org\/{rel}","templated":true}]}}