{"id":8478,"date":"2026-09-02T11:33:59","date_gmt":"2026-09-02T11:33:59","guid":{"rendered":"https:\/\/nowa.mogielnica.pl\/?p=8478"},"modified":"2026-09-02T11:34:19","modified_gmt":"2026-09-02T11:34:19","slug":"zapraszamy-do-wspolnego-uczczenia-87-rocznicy-wybuchu-ii-wojny-swiatowej","status":"publish","type":"post","link":"https:\/\/nowa.mogielnica.pl\/?p=8478","title":{"rendered":"Zapraszamy do wsp\u00f3lnego uczczenia 87. rocznicy wybuchu II wojny \u015bwiatowej."},"content":{"rendered":"\n<figure class=\"wp-block-image size-large\"><img loading=\"lazy\" decoding=\"async\" width=\"724\" height=\"1024\" src=\"https:\/\/nowa.mogielnica.pl\/wp-content\/uploads\/2026\/09\/WhatsApp-Image-2026-09-02-at-12.53.05-724x1024.jpeg\" alt=\"\" class=\"wp-image-8479\" srcset=\"https:\/\/nowa.mogielnica.pl\/wp-content\/uploads\/2026\/09\/WhatsApp-Image-2026-09-02-at-12.53.05-724x1024.jpeg 724w, https:\/\/nowa.mogielnica.pl\/wp-content\/uploads\/2026\/09\/WhatsApp-Image-2026-09-02-at-12.53.05-212x300.jpeg 212w, https:\/\/nowa.mogielnica.pl\/wp-content\/uploads\/2026\/09\/WhatsApp-Image-2026-09-02-at-12.53.05-768x1086.jpeg 768w, https:\/\/nowa.mogielnica.pl\/wp-content\/uploads\/2026\/09\/WhatsApp-Image-2026-09-02-at-12.53.05-1086x1536.jpeg 1086w, https:\/\/nowa.mogielnica.pl\/wp-content\/uploads\/2026\/09\/WhatsApp-Image-2026-09-02-at-12.53.05.jpeg 1131w\" sizes=\"auto, (max-width: 724px) 100vw, 724px\" \/><\/figure>\n\n\n\n<p class=\"wp-block-paragraph\">20 wrze\u015bnia w Mogielnicy odb\u0119d\u0105 si\u0119 uroczysto\u015bci upami\u0119tniaj\u0105ce 87. rocznic\u0119 napa\u015bci Niemiec hitlerowskich i ZSRR na Polsk\u0119.<\/p>\n\n\n\n<p class=\"wp-block-paragraph\">To okazja, by wsp\u00f3lnie odda\u0107 ho\u0142d tym, kt\u00f3rzy walczyli o wolno\u015b\u0107 Ojczyzny, oraz przypomnie\u0107 m\u0142odemu pokoleniu o wydarzeniach, kt\u00f3re na zawsze zmieni\u0142y histori\u0119 Polski.<\/p>\n\n\n\n<p class=\"wp-block-paragraph\">20 wrze\u015bnia 2026 r.<\/p>\n\n\n\n<p class=\"wp-block-paragraph\">Program uroczysto\u015bci:<\/p>\n\n\n\n<p class=\"wp-block-paragraph\">11.00 \u2013 Akademia Patriotyczna w wykonaniu uczni\u00f3w PSP nr 2 im. I Marsza\u0142ka Polski J\u00f3zefa Pi\u0142sudskiego<\/p>\n\n\n\n<p class=\"wp-block-paragraph\"> sala widowiskowa MGOKiBS w Mogielnicy<\/p>\n\n\n\n<p class=\"wp-block-paragraph\">11.30 \u2013 przemarsz na Rynek w Mogielnicy i z\u0142o\u017cenie kwiat\u00f3w przed pomnikami<\/p>\n\n\n\n<p class=\"wp-block-paragraph\">11.45 \u2013 przemarsz do ko\u015bcio\u0142a parafialnego<\/p>\n\n\n\n<p class=\"wp-block-paragraph\">12.00 \u2013 uroczysta Msza \u015awi\u0119ta w intencji Ojczyzny w ko\u015bciele pw. \u015bw. Floriana w Mogielnicy<\/p>\n\n\n\n<p class=\"wp-block-paragraph\">Zapraszamy mieszka\u0144c\u00f3w Gminy Mogielnica, poczty sztandarowe, przedstawicieli organizacji i instytucji oraz wszystkich, dla kt\u00f3rych pami\u0119\u0107 o historii naszej Ojczyzny jest wa\u017cna.<\/p>\n\n\n\n<p class=\"wp-block-paragraph\">B\u0105d\u017amy tego dnia razem.<\/p>\n\n\n\n<p class=\"wp-block-paragraph\"><\/p>\n","protected":false},"excerpt":{"rendered":"<div class=\"mh-excerpt\"><p>20 wrze\u015bnia w Mogielnicy odb\u0119d\u0105 si\u0119 uroczysto\u015bci upami\u0119tniaj\u0105ce 87. rocznic\u0119 napa\u015bci Niemiec hitlerowskich i ZSRR na Polsk\u0119. To okazja, by wsp\u00f3lnie odda\u0107 ho\u0142d tym, kt\u00f3rzy walczyli o wolno\u015b\u0107 Ojczyzny, oraz przypomnie\u0107 m\u0142odemu pokoleniu o wydarzeniach, <a class=\"mh-excerpt-more\" href=\"https:\/\/nowa.mogielnica.pl\/?p=8478\" title=\"Zapraszamy do wsp\u00f3lnego uczczenia 87. rocznicy wybuchu II wojny \u015bwiatowej.\">[&#8230;]<\/a><\/p>\n<\/div>","protected":false},"author":4,"featured_media":8479,"comment_status":"closed","ping_status":"open","sticky":false,"template":"","format":"standard","meta":{"footnotes":""},"categories":[5],"tags":[],"class_list":["post-8478","post","type-post","status-publish","format-standard","has-post-thumbnail","category-5"],"_links":{"self":[{"href":"https:\/\/nowa.mogielnica.pl\/index.php?rest_route=\/wp\/v2\/posts\/8478","targetHints":{"allow":["GET"]}}],"collection":[{"href":"https:\/\/nowa.mogielnica.pl\/index.php?rest_route=\/wp\/v2\/posts"}],"about":[{"href":"https:\/\/nowa.mogielnica.pl\/index.php?rest_route=\/wp\/v2\/types\/post"}],"author":[{"embeddable":true,"href":"https:\/\/nowa.mogielnica.pl\/index.php?rest_route=\/wp\/v2\/users\/4"}],"replies":[{"embeddable":true,"href":"https:\/\/nowa.mogielnica.pl\/index.php?rest_route=%2Fwp%2Fv2%2Fcomments&post=8478"}],"version-history":[{"count":1,"href":"https:\/\/nowa.mogielnica.pl\/index.php?rest_route=\/wp\/v2\/posts\/8478\/revisions"}],"predecessor-version":[{"id":8480,"href":"https:\/\/nowa.mogielnica.pl\/index.php?rest_route=\/wp\/v2\/posts\/8478\/revisions\/8480"}],"wp:featuredmedia":[{"embeddable":true,"href":"https:\/\/nowa.mogielnica.pl\/index.php?rest_route=\/wp\/v2\/media\/8479"}],"wp:attachment":[{"href":"https:\/\/nowa.mogielnica.pl\/index.php?rest_route=%2Fwp%2Fv2%2Fmedia&parent=8478"}],"wp:term":[{"taxonomy":"category","embeddable":true,"href":"https:\/\/nowa.mogielnica.pl\/index.php?rest_route=%2Fwp%2Fv2%2Fcategories&post=8478"},{"taxonomy":"post_tag","embeddable":true,"href":"https:\/\/nowa.mogielnica.pl\/index.php?rest_route=%2Fwp%2Fv2%2Ftags&post=8478"}],"curies":[{"name":"wp","href":"https:\/\/api.w.org\/{rel}","templated":true}]}}