{"id":8483,"date":"2026-09-04T07:57:50","date_gmt":"2026-09-04T07:57:50","guid":{"rendered":"https:\/\/nowa.mogielnica.pl\/?p=8483"},"modified":"2026-09-04T07:58:36","modified_gmt":"2026-09-04T07:58:36","slug":"o-g-l-o-s-z-e-n-i-e-5","status":"publish","type":"post","link":"https:\/\/nowa.mogielnica.pl\/?p=8483","title":{"rendered":"O G \u0141 O S Z E N I E"},"content":{"rendered":"\n<p class=\"wp-block-paragraph\"><strong>Burmistrza Gminy i Miasta Mogielnica<\/strong><\/p>\n\n\n\n<p class=\"wp-block-paragraph\">Na podstawie art. 34 ust. 1 pkt. 1 i art. 35 ust. 2 ustawy z dnia 21 sierpnia 1997r. o gospodarce nieruchomo\u015bciami (t. j. Dz. U. z 2026 r. poz. 399, 875, 912)<\/p>\n\n\n\n<p class=\"has-text-align-center wp-block-paragraph\"><strong>p o d a j e<\/strong><\/p>\n\n\n\n<p class=\"wp-block-paragraph\"><strong>do publicznej wiadomo\u015bci wykaz nieruchomo\u015bci przeznaczonych <\/strong>d<strong>o sprzeda\u017cy w drodze bezprzetargowej:<\/strong><\/p>\n\n\n\n<p class=\"wp-block-paragraph\"><strong>I . G\u00f3rki, dla kt\u00f3rych&nbsp; S\u0105d Rejonowy w Gr\u00f3jcu prowadzi ksi\u0119g\u0119 wieczyst\u0105 KW RA1G\/00022235\/0<\/strong><\/p>\n\n\n\n<ol class=\"wp-block-list\">\n<li><strong>Nieruchomo\u015b\u0107 gruntowa nr 80 o pow. 0,2000 ha<\/strong><\/li>\n<\/ol>\n\n\n\n<p class=\"wp-block-paragraph\">Grunty RIIIa \u2013 0,1400 ha,<\/p>\n\n\n\n<p class=\"wp-block-paragraph\">Grunty RIIIb \u2013 0,0600ha.<\/p>\n\n\n\n<p class=\"wp-block-paragraph\"><strong>Cena nieruchomo\u015bci wynosi 20.100,00z\u0142 (s\u0142ownie: dwadzie\u015bcia tysi\u0119cy sto z\u0142otych 00\/100).<\/strong><\/p>\n\n\n\n<p class=\"wp-block-paragraph\">Dla przedmiotowej dzia\u0142ki z dniem 31.12.2003 r. przesta\u0142 obowi\u0105zywa\u0107 plan zagospodarowania przestrzennego Gminy Mogielnica. Dla terenu na kt\u00f3rym znajduj\u0119 si\u0119 dzia\u0142ka nr 80 po\u0142. w obr\u0119bie G\u00f3rki nie ma obowi\u0105zuj\u0105cego miejscowego planu zagospodarowania przestrzennego oraz nie jest wymagane jego sporz\u0105dzenie na podstawie art. 14 ust.7 ustawy z dnia 27 marca 2003 r. o planowaniu i zagospodarowaniu przestrzennym. W dniu 21.10.2024 r. Rada Miejska w Mogielnicy podj\u0119\u0142a uchwa\u0142\u0119 nr X\/36\/2024 o przyst\u0105pieniu do sporz\u0105dzenia planu og\u00f3lnego gminy Mogielnica. Dla w\/w dzia\u0142ki brak jest obowi\u0105zuj\u0105cej decyzji o warunkach zabudowy. Do chwili obecnej Rada Miejska w Mogielnicy nie podj\u0119\u0142a uchwa\u0142y o ustanowieniu obszaru rewitalizacji.&nbsp;<\/p>\n\n\n\n<p class=\"wp-block-paragraph\">Wykaz zostaje wywieszony na okres 21 dni w Urz\u0119dzie Gminy i Miasta Mogielnica, przy ul. Rynek 1, 05-640 Mogielnica, w dniach od 2 wrze\u015bnia 2026 r. do 23 wrze\u015bnia &nbsp;2026 r. oraz umieszczony na stronie internetowej Urz\u0119du www.nowa.mogielnica.pl &nbsp;&nbsp;&nbsp;&nbsp;&nbsp;&nbsp;&nbsp;&nbsp;&nbsp;&nbsp;&nbsp;&nbsp;&nbsp;&nbsp;&nbsp;&nbsp;&nbsp;&nbsp;&nbsp;&nbsp;&nbsp;&nbsp;i bip.mogielnica.pl.<\/p>\n\n\n\n<p class=\"wp-block-paragraph\">Szczeg\u00f3\u0142owe informacj\u0119 mo\u017cna uzyska\u0107 pod nr telefonu 48\/6635149 wew. 36.<\/p>\n\n\n\n<p class=\"wp-block-paragraph\">Mogielnica, dnia 03.09.2026 r.<\/p>\n\n\n\n<p class=\"wp-block-paragraph\"><\/p>\n","protected":false},"excerpt":{"rendered":"<div class=\"mh-excerpt\"><p>Burmistrza Gminy i Miasta Mogielnica Na podstawie art. 34 ust. 1 pkt. 1 i art. 35 ust. 2 ustawy z dnia 21 sierpnia 1997r. o gospodarce nieruchomo\u015bciami (t. j. Dz. U. z 2026 r. poz. <a class=\"mh-excerpt-more\" href=\"https:\/\/nowa.mogielnica.pl\/?p=8483\" title=\"O G \u0141 O S Z E N I E\">[&#8230;]<\/a><\/p>\n<\/div>","protected":false},"author":4,"featured_media":1069,"comment_status":"closed","ping_status":"open","sticky":false,"template":"","format":"standard","meta":{"footnotes":""},"categories":[3],"tags":[],"class_list":["post-8483","post","type-post","status-publish","format-standard","has-post-thumbnail","category-aktualnosci"],"_links":{"self":[{"href":"https:\/\/nowa.mogielnica.pl\/index.php?rest_route=\/wp\/v2\/posts\/8483","targetHints":{"allow":["GET"]}}],"collection":[{"href":"https:\/\/nowa.mogielnica.pl\/index.php?rest_route=\/wp\/v2\/posts"}],"about":[{"href":"https:\/\/nowa.mogielnica.pl\/index.php?rest_route=\/wp\/v2\/types\/post"}],"author":[{"embeddable":true,"href":"https:\/\/nowa.mogielnica.pl\/index.php?rest_route=\/wp\/v2\/users\/4"}],"replies":[{"embeddable":true,"href":"https:\/\/nowa.mogielnica.pl\/index.php?rest_route=%2Fwp%2Fv2%2Fcomments&post=8483"}],"version-history":[{"count":2,"href":"https:\/\/nowa.mogielnica.pl\/index.php?rest_route=\/wp\/v2\/posts\/8483\/revisions"}],"predecessor-version":[{"id":8486,"href":"https:\/\/nowa.mogielnica.pl\/index.php?rest_route=\/wp\/v2\/posts\/8483\/revisions\/8486"}],"wp:featuredmedia":[{"embeddable":true,"href":"https:\/\/nowa.mogielnica.pl\/index.php?rest_route=\/wp\/v2\/media\/1069"}],"wp:attachment":[{"href":"https:\/\/nowa.mogielnica.pl\/index.php?rest_route=%2Fwp%2Fv2%2Fmedia&parent=8483"}],"wp:term":[{"taxonomy":"category","embeddable":true,"href":"https:\/\/nowa.mogielnica.pl\/index.php?rest_route=%2Fwp%2Fv2%2Fcategories&post=8483"},{"taxonomy":"post_tag","embeddable":true,"href":"https:\/\/nowa.mogielnica.pl\/index.php?rest_route=%2Fwp%2Fv2%2Ftags&post=8483"}],"curies":[{"name":"wp","href":"https:\/\/api.w.org\/{rel}","templated":true}]}}